{"id":10425,"date":"2021-01-13T17:27:56","date_gmt":"2021-01-13T16:27:56","guid":{"rendered":"https:\/\/mto.org\/le-mto-de-nice-a-commemore-les-victimes-de-la-pandemie\/"},"modified":"2023-05-28T10:36:42","modified_gmt":"2023-05-28T08:36:42","slug":"le-mto-de-nice-a-commemore-les-victimes-de-la-pandemie","status":"publish","type":"post","link":"https:\/\/mto.org\/fr\/le-mto-de-nice-a-commemore-les-victimes-de-la-pandemie\/","title":{"rendered":"MTO Nice comm\u00e9more les victimes de la pand\u00e9mie"},"content":{"rendered":"\n<p>No\u00ebl et Nouvel an sont des moments d&rsquo;amour et de solidarit\u00e9, en famille et entre amis. Pourtant, tout est diff\u00e9rent en cette ann\u00e9e 2020. Le po\u00e8me de Saadi \u00e9voque pr\u00e9cis\u00e9ment ce que nous vivons actuellement.  <\/p>\n\n\n\n<p>Nous sommes de tout c\u0153ur avec les familles affect\u00e9es, et leur transmettons nos pens\u00e9es les plus chaleureuses. Avec toute notre amiti\u00e9 fraternelle. <\/p>\n\n\n\n<h5 class=\"wp-block-heading\">\u00ab\u00a0Les \u00eatres humains sont les parties d&rsquo;un tout,<br>Cr\u00e9\u00e9s tous de la m\u00eame essence.<br>Si l&rsquo;un d&rsquo;eux est afflig\u00e9 par la douleur,<br>Les autres ne peuvent trouver le repos.<br>Si tu ne ressens pas la peine d&rsquo;autrui,<br>Il n&rsquo;est pas possible de t&rsquo;appeler humain.\u00a0\u00bb<\/h5>\n\n\n\n<h5 class=\"wp-block-heading\">Saadi<br>Po\u00e8te persan soufi &#8211; XII\u00e8me si\u00e8cle<\/h5>\n\n\n<div class=\"wp-block-image\">\n<figure class=\"aligncenter\"><a href=\"https:\/\/mto.org\/wp-content\/uploads\/2020\/12\/IMG_0427-scaled.jpg\"><img decoding=\"async\" src=\"https:\/\/mto.org\/wp-content\/uploads\/2020\/12\/IMG_0427-768x1024.jpg\" alt=\"\" class=\"wp-image-2160\"\/><\/a><\/figure>\n<\/div>","protected":false},"excerpt":{"rendered":"<p>No\u00ebl et Nouvel an sont des moments d&rsquo;amour et de solidarit\u00e9, en famille et entre amis. Pourtant, tout est diff\u00e9rent en cette ann\u00e9e 2020. Le po\u00e8me de Saadi \u00e9voque pr\u00e9cis\u00e9ment ce que nous vivons actuellement. Nous sommes de tout c\u0153ur&hellip;<\/p>\n","protected":false},"author":5,"featured_media":9771,"comment_status":"closed","ping_status":"open","sticky":false,"template":"","format":"standard","meta":{"_EventAllDay":false,"_EventTimezone":"","_EventStartDate":"","_EventEndDate":"","_EventStartDateUTC":"","_EventEndDateUTC":"","_EventShowMap":false,"_EventShowMapLink":false,"_EventURL":"","_EventCost":"","_EventCostDescription":"","_EventCurrencySymbol":"","_EventCurrencyCode":"","_EventCurrencyPosition":"","_EventDateTimeSeparator":"","_EventTimeRangeSeparator":"","_EventOrganizerID":[],"_EventVenueID":[],"_OrganizerEmail":"","_OrganizerPhone":"","_OrganizerWebsite":"","_VenueAddress":"","_VenueCity":"","_VenueCountry":"","_VenueProvince":"","_VenueState":"","_VenueZip":"","_VenuePhone":"","_VenueURL":"","_VenueStateProvince":"","_VenueLat":"","_VenueLng":"","_VenueShowMap":false,"_VenueShowMapLink":false,"footnotes":""},"categories":[93,643],"tags":[],"post_series":[],"class_list":["post-10425","post","type-post","status-publish","format-standard","has-post-thumbnail","hentry","category-community-support-fr","category-nice-fr","entry","has-media"],"yoast_head":"<!-- This site is optimized with the Yoast SEO plugin v24.8.1 - https:\/\/yoast.com\/wordpress\/plugins\/seo\/ -->\n<title>MTO Nice comm\u00e9more les victimes de la pand\u00e9mie - MTO Shahmaghsoudi<\/title>\n<meta name=\"robots\" content=\"index, follow, max-snippet:-1, max-image-preview:large, max-video-preview:-1\" \/>\n<link rel=\"canonical\" href=\"https:\/\/mto.org\/fr\/le-mto-de-nice-a-commemore-les-victimes-de-la-pandemie\/\" \/>\n<meta property=\"og:locale\" content=\"fr_FR\" \/>\n<meta property=\"og:type\" content=\"article\" \/>\n<meta property=\"og:title\" content=\"MTO Nice comm\u00e9more les victimes de la pand\u00e9mie - MTO Shahmaghsoudi\" \/>\n<meta property=\"og:description\" content=\"No\u00ebl et Nouvel an sont des moments d&rsquo;amour et de solidarit\u00e9, en famille et entre amis. Pourtant, tout est diff\u00e9rent en cette ann\u00e9e 2020. Le po\u00e8me de Saadi \u00e9voque pr\u00e9cis\u00e9ment ce que nous vivons actuellement. Nous sommes de tout c\u0153ur&hellip;\" \/>\n<meta property=\"og:url\" content=\"https:\/\/mto.org\/fr\/le-mto-de-nice-a-commemore-les-victimes-de-la-pandemie\/\" \/>\n<meta property=\"og:site_name\" content=\"MTO Shahmaghsoudi\" \/>\n<meta property=\"article:publisher\" content=\"https:\/\/www.facebook.com\/mtoshahmaghsoudi\" \/>\n<meta property=\"article:published_time\" content=\"2021-01-13T16:27:56+00:00\" \/>\n<meta property=\"article:modified_time\" content=\"2023-05-28T08:36:42+00:00\" \/>\n<meta property=\"og:image\" content=\"https:\/\/mto.org\/wp-content\/uploads\/2020\/12\/IMG_0393-scaled-1.jpg\" \/>\n\t<meta property=\"og:image:width\" content=\"2560\" \/>\n\t<meta property=\"og:image:height\" content=\"1920\" \/>\n\t<meta property=\"og:image:type\" content=\"image\/jpeg\" \/>\n<meta name=\"author\" content=\"MTO Editor ORG\" \/>\n<meta name=\"twitter:card\" content=\"summary_large_image\" \/>\n<meta name=\"twitter:creator\" content=\"@mtoshahmaghsoud\" \/>\n<meta name=\"twitter:site\" content=\"@mtoshahmaghsoud\" \/>\n<meta name=\"twitter:label1\" content=\"\u00c9crit par\" \/>\n\t<meta name=\"twitter:data1\" content=\"MTO Editor ORG\" \/>\n\t<meta name=\"twitter:label2\" content=\"Dur\u00e9e de lecture estim\u00e9e\" \/>\n\t<meta name=\"twitter:data2\" content=\"1 minute\" \/>\n<script type=\"application\/ld+json\" class=\"yoast-schema-graph\">{\"@context\":\"https:\/\/schema.org\",\"@graph\":[{\"@type\":\"Article\",\"@id\":\"https:\/\/mto.org\/fr\/le-mto-de-nice-a-commemore-les-victimes-de-la-pandemie\/#article\",\"isPartOf\":{\"@id\":\"https:\/\/mto.org\/fr\/le-mto-de-nice-a-commemore-les-victimes-de-la-pandemie\/\"},\"author\":{\"name\":\"MTO Editor ORG\",\"@id\":\"https:\/\/mto.org\/#\/schema\/person\/86275a6d56d9f7b6dca120fdb10bc884\"},\"headline\":\"MTO Nice comm\u00e9more les victimes de la pand\u00e9mie\",\"datePublished\":\"2021-01-13T16:27:56+00:00\",\"dateModified\":\"2023-05-28T08:36:42+00:00\",\"mainEntityOfPage\":{\"@id\":\"https:\/\/mto.org\/fr\/le-mto-de-nice-a-commemore-les-victimes-de-la-pandemie\/\"},\"wordCount\":130,\"publisher\":{\"@id\":\"https:\/\/mto.org\/#organization\"},\"image\":{\"@id\":\"https:\/\/mto.org\/fr\/le-mto-de-nice-a-commemore-les-victimes-de-la-pandemie\/#primaryimage\"},\"thumbnailUrl\":\"https:\/\/mto.org\/wp-content\/uploads\/2020\/12\/IMG_0393-scaled-1.jpg\",\"articleSection\":[\"Community Support\",\"Nice\"],\"inLanguage\":\"fr-FR\"},{\"@type\":\"WebPage\",\"@id\":\"https:\/\/mto.org\/fr\/le-mto-de-nice-a-commemore-les-victimes-de-la-pandemie\/\",\"url\":\"https:\/\/mto.org\/fr\/le-mto-de-nice-a-commemore-les-victimes-de-la-pandemie\/\",\"name\":\"MTO Nice comm\u00e9more les victimes de la pand\u00e9mie - MTO Shahmaghsoudi\",\"isPartOf\":{\"@id\":\"https:\/\/mto.org\/#website\"},\"primaryImageOfPage\":{\"@id\":\"https:\/\/mto.org\/fr\/le-mto-de-nice-a-commemore-les-victimes-de-la-pandemie\/#primaryimage\"},\"image\":{\"@id\":\"https:\/\/mto.org\/fr\/le-mto-de-nice-a-commemore-les-victimes-de-la-pandemie\/#primaryimage\"},\"thumbnailUrl\":\"https:\/\/mto.org\/wp-content\/uploads\/2020\/12\/IMG_0393-scaled-1.jpg\",\"datePublished\":\"2021-01-13T16:27:56+00:00\",\"dateModified\":\"2023-05-28T08:36:42+00:00\",\"breadcrumb\":{\"@id\":\"https:\/\/mto.org\/fr\/le-mto-de-nice-a-commemore-les-victimes-de-la-pandemie\/#breadcrumb\"},\"inLanguage\":\"fr-FR\",\"potentialAction\":[{\"@type\":\"ReadAction\",\"target\":[\"https:\/\/mto.org\/fr\/le-mto-de-nice-a-commemore-les-victimes-de-la-pandemie\/\"]}]},{\"@type\":\"ImageObject\",\"inLanguage\":\"fr-FR\",\"@id\":\"https:\/\/mto.org\/fr\/le-mto-de-nice-a-commemore-les-victimes-de-la-pandemie\/#primaryimage\",\"url\":\"https:\/\/mto.org\/wp-content\/uploads\/2020\/12\/IMG_0393-scaled-1.jpg\",\"contentUrl\":\"https:\/\/mto.org\/wp-content\/uploads\/2020\/12\/IMG_0393-scaled-1.jpg\",\"width\":2560,\"height\":1920},{\"@type\":\"BreadcrumbList\",\"@id\":\"https:\/\/mto.org\/fr\/le-mto-de-nice-a-commemore-les-victimes-de-la-pandemie\/#breadcrumb\",\"itemListElement\":[{\"@type\":\"ListItem\",\"position\":1,\"name\":\"Home\",\"item\":\"https:\/\/mto.org\/\"},{\"@type\":\"ListItem\",\"position\":2,\"name\":\"MTO Nice comm\u00e9more les victimes de la pand\u00e9mie\"}]},{\"@type\":\"WebSite\",\"@id\":\"https:\/\/mto.org\/#website\",\"url\":\"https:\/\/mto.org\/\",\"name\":\"MTO Shahmaghsoudi\",\"description\":\"School of Islamic Sufism\",\"publisher\":{\"@id\":\"https:\/\/mto.org\/#organization\"},\"potentialAction\":[{\"@type\":\"SearchAction\",\"target\":{\"@type\":\"EntryPoint\",\"urlTemplate\":\"https:\/\/mto.org\/?s={search_term_string}\"},\"query-input\":{\"@type\":\"PropertyValueSpecification\",\"valueRequired\":true,\"valueName\":\"search_term_string\"}}],\"inLanguage\":\"fr-FR\"},{\"@type\":\"Organization\",\"@id\":\"https:\/\/mto.org\/#organization\",\"name\":\"MTO Shahmaghsoudi\",\"url\":\"https:\/\/mto.org\/\",\"logo\":{\"@type\":\"ImageObject\",\"inLanguage\":\"fr-FR\",\"@id\":\"https:\/\/mto.org\/#\/schema\/logo\/image\/\",\"url\":\"https:\/\/mto.org\/wp-content\/uploads\/2023\/03\/MTO_LOGO_Header.png\",\"contentUrl\":\"https:\/\/mto.org\/wp-content\/uploads\/2023\/03\/MTO_LOGO_Header.png\",\"width\":200,\"height\":200,\"caption\":\"MTO Shahmaghsoudi\"},\"image\":{\"@id\":\"https:\/\/mto.org\/#\/schema\/logo\/image\/\"},\"sameAs\":[\"https:\/\/www.facebook.com\/mtoshahmaghsoudi\",\"https:\/\/x.com\/mtoshahmaghsoud\",\"https:\/\/www.instagram.com\/mtoshahmaghsoudi\/\"]},{\"@type\":\"Person\",\"@id\":\"https:\/\/mto.org\/#\/schema\/person\/86275a6d56d9f7b6dca120fdb10bc884\",\"name\":\"MTO Editor ORG\",\"image\":{\"@type\":\"ImageObject\",\"inLanguage\":\"fr-FR\",\"@id\":\"https:\/\/mto.org\/#\/schema\/person\/image\/\",\"url\":\"https:\/\/secure.gravatar.com\/avatar\/6ba3718e23890d495505c403ecfd90f295aa128e4fdd6949b23deed4ea461f88?s=96&d=mm&r=g\",\"contentUrl\":\"https:\/\/secure.gravatar.com\/avatar\/6ba3718e23890d495505c403ecfd90f295aa128e4fdd6949b23deed4ea461f88?s=96&d=mm&r=g\",\"caption\":\"MTO Editor ORG\"},\"url\":\"https:\/\/mto.org\/fr\/author\/mto-editor-org\/\"}]}<\/script>\n<!-- \/ Yoast SEO plugin. -->","yoast_head_json":{"title":"MTO Nice comm\u00e9more les victimes de la pand\u00e9mie - MTO Shahmaghsoudi","robots":{"index":"index","follow":"follow","max-snippet":"max-snippet:-1","max-image-preview":"max-image-preview:large","max-video-preview":"max-video-preview:-1"},"canonical":"https:\/\/mto.org\/fr\/le-mto-de-nice-a-commemore-les-victimes-de-la-pandemie\/","og_locale":"fr_FR","og_type":"article","og_title":"MTO Nice comm\u00e9more les victimes de la pand\u00e9mie - MTO Shahmaghsoudi","og_description":"No\u00ebl et Nouvel an sont des moments d&rsquo;amour et de solidarit\u00e9, en famille et entre amis. Pourtant, tout est diff\u00e9rent en cette ann\u00e9e 2020. Le po\u00e8me de Saadi \u00e9voque pr\u00e9cis\u00e9ment ce que nous vivons actuellement. Nous sommes de tout c\u0153ur&hellip;","og_url":"https:\/\/mto.org\/fr\/le-mto-de-nice-a-commemore-les-victimes-de-la-pandemie\/","og_site_name":"MTO Shahmaghsoudi","article_publisher":"https:\/\/www.facebook.com\/mtoshahmaghsoudi","article_published_time":"2021-01-13T16:27:56+00:00","article_modified_time":"2023-05-28T08:36:42+00:00","og_image":[{"width":2560,"height":1920,"url":"https:\/\/mto.org\/wp-content\/uploads\/2020\/12\/IMG_0393-scaled-1.jpg","type":"image\/jpeg"}],"author":"MTO Editor ORG","twitter_card":"summary_large_image","twitter_creator":"@mtoshahmaghsoud","twitter_site":"@mtoshahmaghsoud","twitter_misc":{"\u00c9crit par":"MTO Editor ORG","Dur\u00e9e de lecture estim\u00e9e":"1 minute"},"schema":{"@context":"https:\/\/schema.org","@graph":[{"@type":"Article","@id":"https:\/\/mto.org\/fr\/le-mto-de-nice-a-commemore-les-victimes-de-la-pandemie\/#article","isPartOf":{"@id":"https:\/\/mto.org\/fr\/le-mto-de-nice-a-commemore-les-victimes-de-la-pandemie\/"},"author":{"name":"MTO Editor ORG","@id":"https:\/\/mto.org\/#\/schema\/person\/86275a6d56d9f7b6dca120fdb10bc884"},"headline":"MTO Nice comm\u00e9more les victimes de la pand\u00e9mie","datePublished":"2021-01-13T16:27:56+00:00","dateModified":"2023-05-28T08:36:42+00:00","mainEntityOfPage":{"@id":"https:\/\/mto.org\/fr\/le-mto-de-nice-a-commemore-les-victimes-de-la-pandemie\/"},"wordCount":130,"publisher":{"@id":"https:\/\/mto.org\/#organization"},"image":{"@id":"https:\/\/mto.org\/fr\/le-mto-de-nice-a-commemore-les-victimes-de-la-pandemie\/#primaryimage"},"thumbnailUrl":"https:\/\/mto.org\/wp-content\/uploads\/2020\/12\/IMG_0393-scaled-1.jpg","articleSection":["Community Support","Nice"],"inLanguage":"fr-FR"},{"@type":"WebPage","@id":"https:\/\/mto.org\/fr\/le-mto-de-nice-a-commemore-les-victimes-de-la-pandemie\/","url":"https:\/\/mto.org\/fr\/le-mto-de-nice-a-commemore-les-victimes-de-la-pandemie\/","name":"MTO Nice comm\u00e9more les victimes de la pand\u00e9mie - MTO Shahmaghsoudi","isPartOf":{"@id":"https:\/\/mto.org\/#website"},"primaryImageOfPage":{"@id":"https:\/\/mto.org\/fr\/le-mto-de-nice-a-commemore-les-victimes-de-la-pandemie\/#primaryimage"},"image":{"@id":"https:\/\/mto.org\/fr\/le-mto-de-nice-a-commemore-les-victimes-de-la-pandemie\/#primaryimage"},"thumbnailUrl":"https:\/\/mto.org\/wp-content\/uploads\/2020\/12\/IMG_0393-scaled-1.jpg","datePublished":"2021-01-13T16:27:56+00:00","dateModified":"2023-05-28T08:36:42+00:00","breadcrumb":{"@id":"https:\/\/mto.org\/fr\/le-mto-de-nice-a-commemore-les-victimes-de-la-pandemie\/#breadcrumb"},"inLanguage":"fr-FR","potentialAction":[{"@type":"ReadAction","target":["https:\/\/mto.org\/fr\/le-mto-de-nice-a-commemore-les-victimes-de-la-pandemie\/"]}]},{"@type":"ImageObject","inLanguage":"fr-FR","@id":"https:\/\/mto.org\/fr\/le-mto-de-nice-a-commemore-les-victimes-de-la-pandemie\/#primaryimage","url":"https:\/\/mto.org\/wp-content\/uploads\/2020\/12\/IMG_0393-scaled-1.jpg","contentUrl":"https:\/\/mto.org\/wp-content\/uploads\/2020\/12\/IMG_0393-scaled-1.jpg","width":2560,"height":1920},{"@type":"BreadcrumbList","@id":"https:\/\/mto.org\/fr\/le-mto-de-nice-a-commemore-les-victimes-de-la-pandemie\/#breadcrumb","itemListElement":[{"@type":"ListItem","position":1,"name":"Home","item":"https:\/\/mto.org\/"},{"@type":"ListItem","position":2,"name":"MTO Nice comm\u00e9more les victimes de la pand\u00e9mie"}]},{"@type":"WebSite","@id":"https:\/\/mto.org\/#website","url":"https:\/\/mto.org\/","name":"MTO Shahmaghsoudi","description":"School of Islamic Sufism","publisher":{"@id":"https:\/\/mto.org\/#organization"},"potentialAction":[{"@type":"SearchAction","target":{"@type":"EntryPoint","urlTemplate":"https:\/\/mto.org\/?s={search_term_string}"},"query-input":{"@type":"PropertyValueSpecification","valueRequired":true,"valueName":"search_term_string"}}],"inLanguage":"fr-FR"},{"@type":"Organization","@id":"https:\/\/mto.org\/#organization","name":"MTO Shahmaghsoudi","url":"https:\/\/mto.org\/","logo":{"@type":"ImageObject","inLanguage":"fr-FR","@id":"https:\/\/mto.org\/#\/schema\/logo\/image\/","url":"https:\/\/mto.org\/wp-content\/uploads\/2023\/03\/MTO_LOGO_Header.png","contentUrl":"https:\/\/mto.org\/wp-content\/uploads\/2023\/03\/MTO_LOGO_Header.png","width":200,"height":200,"caption":"MTO Shahmaghsoudi"},"image":{"@id":"https:\/\/mto.org\/#\/schema\/logo\/image\/"},"sameAs":["https:\/\/www.facebook.com\/mtoshahmaghsoudi","https:\/\/x.com\/mtoshahmaghsoud","https:\/\/www.instagram.com\/mtoshahmaghsoudi\/"]},{"@type":"Person","@id":"https:\/\/mto.org\/#\/schema\/person\/86275a6d56d9f7b6dca120fdb10bc884","name":"MTO Editor ORG","image":{"@type":"ImageObject","inLanguage":"fr-FR","@id":"https:\/\/mto.org\/#\/schema\/person\/image\/","url":"https:\/\/secure.gravatar.com\/avatar\/6ba3718e23890d495505c403ecfd90f295aa128e4fdd6949b23deed4ea461f88?s=96&d=mm&r=g","contentUrl":"https:\/\/secure.gravatar.com\/avatar\/6ba3718e23890d495505c403ecfd90f295aa128e4fdd6949b23deed4ea461f88?s=96&d=mm&r=g","caption":"MTO Editor ORG"},"url":"https:\/\/mto.org\/fr\/author\/mto-editor-org\/"}]}},"_links":{"self":[{"href":"https:\/\/mto.org\/fr\/wp-json\/wp\/v2\/posts\/10425","targetHints":{"allow":["GET"]}}],"collection":[{"href":"https:\/\/mto.org\/fr\/wp-json\/wp\/v2\/posts"}],"about":[{"href":"https:\/\/mto.org\/fr\/wp-json\/wp\/v2\/types\/post"}],"author":[{"embeddable":true,"href":"https:\/\/mto.org\/fr\/wp-json\/wp\/v2\/users\/5"}],"replies":[{"embeddable":true,"href":"https:\/\/mto.org\/fr\/wp-json\/wp\/v2\/comments?post=10425"}],"version-history":[{"count":5,"href":"https:\/\/mto.org\/fr\/wp-json\/wp\/v2\/posts\/10425\/revisions"}],"predecessor-version":[{"id":19336,"href":"https:\/\/mto.org\/fr\/wp-json\/wp\/v2\/posts\/10425\/revisions\/19336"}],"wp:featuredmedia":[{"embeddable":true,"href":"https:\/\/mto.org\/fr\/wp-json\/wp\/v2\/media\/9771"}],"wp:attachment":[{"href":"https:\/\/mto.org\/fr\/wp-json\/wp\/v2\/media?parent=10425"}],"wp:term":[{"taxonomy":"category","embeddable":true,"href":"https:\/\/mto.org\/fr\/wp-json\/wp\/v2\/categories?post=10425"},{"taxonomy":"post_tag","embeddable":true,"href":"https:\/\/mto.org\/fr\/wp-json\/wp\/v2\/tags?post=10425"},{"taxonomy":"post_series","embeddable":true,"href":"https:\/\/mto.org\/fr\/wp-json\/wp\/v2\/post_series?post=10425"}],"curies":[{"name":"wp","href":"https:\/\/api.w.org\/{rel}","templated":true}]}}