{"id":5381,"date":"2022-12-19T09:11:47","date_gmt":"2022-12-19T08:11:47","guid":{"rendered":"https:\/\/germany.mto.org\/?p=4513"},"modified":"2023-05-08T13:35:44","modified_gmt":"2023-05-08T11:35:44","slug":"mto-sufigemeinde-duesseldorf-war-zum-alljaehrlichen-weihnachtsbacken-der-arche","status":"publish","type":"post","link":"https:\/\/mto.org\/de\/mto-sufigemeinde-duesseldorf-war-zum-alljaehrlichen-weihnachtsbacken-der-arche\/","title":{"rendered":"MTO-Sufigemeinde D\u00fcsseldorf war zum allj\u00e4hrlichen #Weihnachtsbacken\u00a0in der Arche"},"content":{"rendered":"<p>Heute waren unsere Sch\u00fclerinnen der MTO-Sufigemeinde D\u00fcsseldorf erneut zum allj\u00e4hrlichen\u00a0<a class=\"x1i10hfl xjbqb8w x6umtig x1b1mbwd xaqea5y xav7gou x9f619 x1ypdohk xt0psk2 xe8uvvx xdj266r x11i5rnm xat24cr x1mh8g0r xexx8yu x4uap5 x18d9i69 xkhd6sd x16tdsg8 x1hl2dhg xggy1nq x1a2a7pz  _aa9_ _a6hd\" tabindex=\"0\" role=\"link\" href=\"https:\/\/www.instagram.com\/explore\/tags\/weihnachtsbacken\/?next=%2F\">#Weihnachtsbacken<\/a>\u00a0in der Arche D\u00fcsseldorf-Wersten vertreten, um gemeinsam mit den Kindern leckere Pl\u00e4tzchen zu backen und zusammen in eine besinnliche\u00a0<a class=\"x1i10hfl xjbqb8w x6umtig x1b1mbwd xaqea5y xav7gou x9f619 x1ypdohk xt0psk2 xe8uvvx xdj266r x11i5rnm xat24cr x1mh8g0r xexx8yu x4uap5 x18d9i69 xkhd6sd x16tdsg8 x1hl2dhg xggy1nq x1a2a7pz  _aa9_ _a6hd\" tabindex=\"0\" role=\"link\" href=\"https:\/\/www.instagram.com\/explore\/tags\/weihnachtszeit\/?next=%2F\">#Weihnachtszeit<\/a>\u00a0zu starten.<\/p>\n<p>Den Kindern der Arche sowie den MTO-Sch\u00fclerinnen hat das Event viel Freude bereitet. Wir k\u00f6nnen es kaum erwarten uns auch im n\u00e4chsten Jahr wieder beim Weihnachtsbacken in der Arche zu treffen.<\/p>\n<p><a class=\"x1i10hfl xjbqb8w x6umtig x1b1mbwd xaqea5y xav7gou x9f619 x1ypdohk xt0psk2 xe8uvvx xdj266r x11i5rnm xat24cr x1mh8g0r xexx8yu x4uap5 x18d9i69 xkhd6sd x16tdsg8 x1hl2dhg xggy1nq x1a2a7pz  _aa9_ _a6hd\" tabindex=\"0\" role=\"link\" href=\"https:\/\/www.instagram.com\/explore\/tags\/spendenaktion\/?next=%2F\">#Spendenaktion<\/a>\u00a0<a class=\"x1i10hfl xjbqb8w x6umtig x1b1mbwd xaqea5y xav7gou x9f619 x1ypdohk xt0psk2 xe8uvvx xdj266r x11i5rnm xat24cr x1mh8g0r xexx8yu x4uap5 x18d9i69 xkhd6sd x16tdsg8 x1hl2dhg xggy1nq x1a2a7pz  _aa9_ _a6hd\" tabindex=\"0\" role=\"link\" href=\"https:\/\/www.instagram.com\/explore\/tags\/sufismusindeutschland\/?next=%2F\">#sufismusindeutschland<\/a><br \/>\n<a class=\"x1i10hfl xjbqb8w x6umtig x1b1mbwd xaqea5y xav7gou x9f619 x1ypdohk xt0psk2 xe8uvvx xdj266r x11i5rnm xat24cr x1mh8g0r xexx8yu x4uap5 x18d9i69 xkhd6sd x16tdsg8 x1hl2dhg xggy1nq x1a2a7pz  _aa9_ _a6hd\" tabindex=\"0\" role=\"link\" href=\"https:\/\/www.instagram.com\/explore\/tags\/mtoshahmaghsoudi\/?next=%2F\">#mtoshahmaghsoudi<\/a><br \/>\n<a class=\"x1i10hfl xjbqb8w x6umtig x1b1mbwd xaqea5y xav7gou x9f619 x1ypdohk xt0psk2 xe8uvvx xdj266r x11i5rnm xat24cr x1mh8g0r xexx8yu x4uap5 x18d9i69 xkhd6sd x16tdsg8 x1hl2dhg xggy1nq x1a2a7pz  _aa9_ _a6hd\" tabindex=\"0\" role=\"link\" href=\"https:\/\/www.instagram.com\/explore\/tags\/ichbinsufi\/?next=%2F\">#ichbinsufi<\/a><\/p>\n<p><a href=\"https:\/\/mto.org\/wp-content\/uploads\/2023\/01\/Arche-Weihnachtsbacken.jpg\"><img loading=\"lazy\" decoding=\"async\" class=\"aligncenter wp-image-4518 size-full\" src=\"https:\/\/mto.org\/wp-content\/uploads\/2023\/01\/Arche-Weihnachtsbacken.jpg\" alt=\"\" width=\"576\" height=\"324\" \/><\/a><\/p>\n<p><a href=\"https:\/\/mto.org\/wp-content\/uploads\/2023\/01\/Arche-Weihnachtsbacken3.jpg\"><img loading=\"lazy\" decoding=\"async\" class=\"aligncenter wp-image-4514 size-full\" src=\"https:\/\/mto.org\/wp-content\/uploads\/2023\/01\/Arche-Weihnachtsbacken3.jpg\" alt=\"\" width=\"576\" height=\"324\" \/><\/a><\/p>\n","protected":false},"excerpt":{"rendered":"<p>Heute waren unsere Sch\u00fclerinnen der MTO-Sufigemeinde D\u00fcsseldorf erneut zum allj\u00e4hrlichen\u00a0#Weihnachtsbacken\u00a0in der Arche D\u00fcsseldorf-Wersten vertreten, um gemeinsam mit den Kindern leckere Pl\u00e4tzchen zu backen und zusammen in eine besinnliche\u00a0#Weihnachtszeit\u00a0zu starten. Den Kindern der Arche sowie den MTO-Sch\u00fclerinnen hat das Event viel&hellip;<\/p>\n","protected":false},"author":2,"featured_media":5335,"comment_status":"closed","ping_status":"open","sticky":false,"template":"","format":"standard","meta":{"_EventAllDay":false,"_EventTimezone":"","_EventStartDate":"","_EventEndDate":"","_EventStartDateUTC":"","_EventEndDateUTC":"","_EventShowMap":false,"_EventShowMapLink":false,"_EventURL":"","_EventCost":"","_EventCostDescription":"","_EventCurrencySymbol":"","_EventCurrencyCode":"","_EventCurrencyPosition":"","_EventDateTimeSeparator":"","_EventTimeRangeSeparator":"","_EventOrganizerID":[],"_EventVenueID":[],"_OrganizerEmail":"","_OrganizerPhone":"","_OrganizerWebsite":"","_VenueAddress":"","_VenueCity":"","_VenueCountry":"","_VenueProvince":"","_VenueState":"","_VenueZip":"","_VenuePhone":"","_VenueURL":"","_VenueStateProvince":"","_VenueLat":"","_VenueLng":"","_VenueShowMap":false,"_VenueShowMapLink":false,"footnotes":""},"categories":[42,75],"tags":[],"post_series":[],"class_list":["post-5381","post","type-post","status-publish","format-standard","has-post-thumbnail","hentry","category-duesseldorf","category-dialog","entry","has-media"],"yoast_head":"<!-- This site is optimized with the Yoast SEO plugin v24.8.1 - https:\/\/yoast.com\/wordpress\/plugins\/seo\/ -->\n<title>MTO-Sufigemeinde D\u00fcsseldorf war zum allj\u00e4hrlichen #Weihnachtsbacken\u00a0in der Arche - MTO Shahmaghsoudi<\/title>\n<meta name=\"robots\" content=\"index, follow, max-snippet:-1, max-image-preview:large, max-video-preview:-1\" \/>\n<link rel=\"canonical\" href=\"https:\/\/mto.org\/de\/mto-sufigemeinde-duesseldorf-war-zum-alljaehrlichen-weihnachtsbacken-der-arche\/\" \/>\n<meta property=\"og:locale\" content=\"de_DE\" \/>\n<meta property=\"og:type\" content=\"article\" \/>\n<meta property=\"og:title\" content=\"MTO-Sufigemeinde D\u00fcsseldorf war zum allj\u00e4hrlichen #Weihnachtsbacken\u00a0in der Arche - MTO Shahmaghsoudi\" \/>\n<meta property=\"og:description\" content=\"Heute waren unsere Sch\u00fclerinnen der MTO-Sufigemeinde D\u00fcsseldorf erneut zum allj\u00e4hrlichen\u00a0#Weihnachtsbacken\u00a0in der Arche D\u00fcsseldorf-Wersten vertreten, um gemeinsam mit den Kindern leckere Pl\u00e4tzchen zu backen und zusammen in eine besinnliche\u00a0#Weihnachtszeit\u00a0zu starten. Den Kindern der Arche sowie den MTO-Sch\u00fclerinnen hat das Event viel&hellip;\" \/>\n<meta property=\"og:url\" content=\"https:\/\/mto.org\/de\/mto-sufigemeinde-duesseldorf-war-zum-alljaehrlichen-weihnachtsbacken-der-arche\/\" \/>\n<meta property=\"og:site_name\" content=\"MTO Shahmaghsoudi\" \/>\n<meta property=\"article:publisher\" content=\"https:\/\/www.facebook.com\/mtoshahmaghsoudi\" \/>\n<meta property=\"article:published_time\" content=\"2022-12-19T08:11:47+00:00\" \/>\n<meta property=\"article:modified_time\" content=\"2023-05-08T11:35:44+00:00\" \/>\n<meta property=\"og:image\" content=\"https:\/\/mto.org\/wp-content\/uploads\/2023\/01\/Arche-Weihnachtsbacken2.jpg\" \/>\n\t<meta property=\"og:image:width\" content=\"576\" \/>\n\t<meta property=\"og:image:height\" content=\"324\" \/>\n\t<meta property=\"og:image:type\" content=\"image\/jpeg\" \/>\n<meta name=\"author\" content=\"MTO Redaktion\" \/>\n<meta name=\"twitter:card\" content=\"summary_large_image\" \/>\n<meta name=\"twitter:creator\" content=\"@mtoshahmaghsoud\" \/>\n<meta name=\"twitter:site\" content=\"@mtoshahmaghsoud\" \/>\n<meta name=\"twitter:label1\" content=\"Verfasst von\" \/>\n\t<meta name=\"twitter:data1\" content=\"MTO Redaktion\" \/>\n<script type=\"application\/ld+json\" class=\"yoast-schema-graph\">{\"@context\":\"https:\/\/schema.org\",\"@graph\":[{\"@type\":\"Article\",\"@id\":\"https:\/\/mto.org\/de\/mto-sufigemeinde-duesseldorf-war-zum-alljaehrlichen-weihnachtsbacken-der-arche\/#article\",\"isPartOf\":{\"@id\":\"https:\/\/mto.org\/de\/mto-sufigemeinde-duesseldorf-war-zum-alljaehrlichen-weihnachtsbacken-der-arche\/\"},\"author\":{\"name\":\"MTO Redaktion\",\"@id\":\"https:\/\/mto.org\/#\/schema\/person\/2f49f86784b3747b47bb554ffd56a975\"},\"headline\":\"MTO-Sufigemeinde D\u00fcsseldorf war zum allj\u00e4hrlichen #Weihnachtsbacken\u00a0in der Arche\",\"datePublished\":\"2022-12-19T08:11:47+00:00\",\"dateModified\":\"2023-05-08T11:35:44+00:00\",\"mainEntityOfPage\":{\"@id\":\"https:\/\/mto.org\/de\/mto-sufigemeinde-duesseldorf-war-zum-alljaehrlichen-weihnachtsbacken-der-arche\/\"},\"wordCount\":87,\"publisher\":{\"@id\":\"https:\/\/mto.org\/#organization\"},\"image\":{\"@id\":\"https:\/\/mto.org\/de\/mto-sufigemeinde-duesseldorf-war-zum-alljaehrlichen-weihnachtsbacken-der-arche\/#primaryimage\"},\"thumbnailUrl\":\"https:\/\/mto.org\/wp-content\/uploads\/2023\/01\/Arche-Weihnachtsbacken2.jpg\",\"articleSection\":[\"D\u00fcsseldorf\",\"Interreligi\u00f6ser Dialog\"],\"inLanguage\":\"de\"},{\"@type\":\"WebPage\",\"@id\":\"https:\/\/mto.org\/de\/mto-sufigemeinde-duesseldorf-war-zum-alljaehrlichen-weihnachtsbacken-der-arche\/\",\"url\":\"https:\/\/mto.org\/de\/mto-sufigemeinde-duesseldorf-war-zum-alljaehrlichen-weihnachtsbacken-der-arche\/\",\"name\":\"MTO-Sufigemeinde D\u00fcsseldorf war zum allj\u00e4hrlichen #Weihnachtsbacken\u00a0in der Arche - MTO Shahmaghsoudi\",\"isPartOf\":{\"@id\":\"https:\/\/mto.org\/#website\"},\"primaryImageOfPage\":{\"@id\":\"https:\/\/mto.org\/de\/mto-sufigemeinde-duesseldorf-war-zum-alljaehrlichen-weihnachtsbacken-der-arche\/#primaryimage\"},\"image\":{\"@id\":\"https:\/\/mto.org\/de\/mto-sufigemeinde-duesseldorf-war-zum-alljaehrlichen-weihnachtsbacken-der-arche\/#primaryimage\"},\"thumbnailUrl\":\"https:\/\/mto.org\/wp-content\/uploads\/2023\/01\/Arche-Weihnachtsbacken2.jpg\",\"datePublished\":\"2022-12-19T08:11:47+00:00\",\"dateModified\":\"2023-05-08T11:35:44+00:00\",\"breadcrumb\":{\"@id\":\"https:\/\/mto.org\/de\/mto-sufigemeinde-duesseldorf-war-zum-alljaehrlichen-weihnachtsbacken-der-arche\/#breadcrumb\"},\"inLanguage\":\"de\",\"potentialAction\":[{\"@type\":\"ReadAction\",\"target\":[\"https:\/\/mto.org\/de\/mto-sufigemeinde-duesseldorf-war-zum-alljaehrlichen-weihnachtsbacken-der-arche\/\"]}]},{\"@type\":\"ImageObject\",\"inLanguage\":\"de\",\"@id\":\"https:\/\/mto.org\/de\/mto-sufigemeinde-duesseldorf-war-zum-alljaehrlichen-weihnachtsbacken-der-arche\/#primaryimage\",\"url\":\"https:\/\/mto.org\/wp-content\/uploads\/2023\/01\/Arche-Weihnachtsbacken2.jpg\",\"contentUrl\":\"https:\/\/mto.org\/wp-content\/uploads\/2023\/01\/Arche-Weihnachtsbacken2.jpg\",\"width\":576,\"height\":324},{\"@type\":\"BreadcrumbList\",\"@id\":\"https:\/\/mto.org\/de\/mto-sufigemeinde-duesseldorf-war-zum-alljaehrlichen-weihnachtsbacken-der-arche\/#breadcrumb\",\"itemListElement\":[{\"@type\":\"ListItem\",\"position\":1,\"name\":\"Home\",\"item\":\"https:\/\/mto.org\/de\/\"},{\"@type\":\"ListItem\",\"position\":2,\"name\":\"MTO-Sufigemeinde D\u00fcsseldorf war zum allj\u00e4hrlichen #Weihnachtsbacken\u00a0in der Arche\"}]},{\"@type\":\"WebSite\",\"@id\":\"https:\/\/mto.org\/#website\",\"url\":\"https:\/\/mto.org\/\",\"name\":\"MTO Shahmaghsoudi\",\"description\":\"School of Islamic Sufism\",\"publisher\":{\"@id\":\"https:\/\/mto.org\/#organization\"},\"potentialAction\":[{\"@type\":\"SearchAction\",\"target\":{\"@type\":\"EntryPoint\",\"urlTemplate\":\"https:\/\/mto.org\/?s={search_term_string}\"},\"query-input\":{\"@type\":\"PropertyValueSpecification\",\"valueRequired\":true,\"valueName\":\"search_term_string\"}}],\"inLanguage\":\"de\"},{\"@type\":\"Organization\",\"@id\":\"https:\/\/mto.org\/#organization\",\"name\":\"MTO Shahmaghsoudi\",\"url\":\"https:\/\/mto.org\/\",\"logo\":{\"@type\":\"ImageObject\",\"inLanguage\":\"de\",\"@id\":\"https:\/\/mto.org\/#\/schema\/logo\/image\/\",\"url\":\"https:\/\/mto.org\/wp-content\/uploads\/2023\/03\/MTO_LOGO_Header.png\",\"contentUrl\":\"https:\/\/mto.org\/wp-content\/uploads\/2023\/03\/MTO_LOGO_Header.png\",\"width\":200,\"height\":200,\"caption\":\"MTO Shahmaghsoudi\"},\"image\":{\"@id\":\"https:\/\/mto.org\/#\/schema\/logo\/image\/\"},\"sameAs\":[\"https:\/\/www.facebook.com\/mtoshahmaghsoudi\",\"https:\/\/x.com\/mtoshahmaghsoud\",\"https:\/\/www.instagram.com\/mtoshahmaghsoudi\/\"]},{\"@type\":\"Person\",\"@id\":\"https:\/\/mto.org\/#\/schema\/person\/2f49f86784b3747b47bb554ffd56a975\",\"name\":\"MTO Redaktion\",\"image\":{\"@type\":\"ImageObject\",\"inLanguage\":\"de\",\"@id\":\"https:\/\/mto.org\/#\/schema\/person\/image\/\",\"url\":\"https:\/\/secure.gravatar.com\/avatar\/7e3905dd13630f67e3a9ef24bace6be2b009b8f4cb66d44bb6d9580bf3708868?s=96&d=mm&r=g\",\"contentUrl\":\"https:\/\/secure.gravatar.com\/avatar\/7e3905dd13630f67e3a9ef24bace6be2b009b8f4cb66d44bb6d9580bf3708868?s=96&d=mm&r=g\",\"caption\":\"MTO Redaktion\"},\"url\":\"https:\/\/mto.org\/de\/author\/mto-redaktion\/\"}]}<\/script>\n<!-- \/ Yoast SEO plugin. -->","yoast_head_json":{"title":"MTO-Sufigemeinde D\u00fcsseldorf war zum allj\u00e4hrlichen #Weihnachtsbacken\u00a0in der Arche - MTO Shahmaghsoudi","robots":{"index":"index","follow":"follow","max-snippet":"max-snippet:-1","max-image-preview":"max-image-preview:large","max-video-preview":"max-video-preview:-1"},"canonical":"https:\/\/mto.org\/de\/mto-sufigemeinde-duesseldorf-war-zum-alljaehrlichen-weihnachtsbacken-der-arche\/","og_locale":"de_DE","og_type":"article","og_title":"MTO-Sufigemeinde D\u00fcsseldorf war zum allj\u00e4hrlichen #Weihnachtsbacken\u00a0in der Arche - MTO Shahmaghsoudi","og_description":"Heute waren unsere Sch\u00fclerinnen der MTO-Sufigemeinde D\u00fcsseldorf erneut zum allj\u00e4hrlichen\u00a0#Weihnachtsbacken\u00a0in der Arche D\u00fcsseldorf-Wersten vertreten, um gemeinsam mit den Kindern leckere Pl\u00e4tzchen zu backen und zusammen in eine besinnliche\u00a0#Weihnachtszeit\u00a0zu starten. Den Kindern der Arche sowie den MTO-Sch\u00fclerinnen hat das Event viel&hellip;","og_url":"https:\/\/mto.org\/de\/mto-sufigemeinde-duesseldorf-war-zum-alljaehrlichen-weihnachtsbacken-der-arche\/","og_site_name":"MTO Shahmaghsoudi","article_publisher":"https:\/\/www.facebook.com\/mtoshahmaghsoudi","article_published_time":"2022-12-19T08:11:47+00:00","article_modified_time":"2023-05-08T11:35:44+00:00","og_image":[{"width":576,"height":324,"url":"https:\/\/mto.org\/wp-content\/uploads\/2023\/01\/Arche-Weihnachtsbacken2.jpg","type":"image\/jpeg"}],"author":"MTO Redaktion","twitter_card":"summary_large_image","twitter_creator":"@mtoshahmaghsoud","twitter_site":"@mtoshahmaghsoud","twitter_misc":{"Verfasst von":"MTO Redaktion"},"schema":{"@context":"https:\/\/schema.org","@graph":[{"@type":"Article","@id":"https:\/\/mto.org\/de\/mto-sufigemeinde-duesseldorf-war-zum-alljaehrlichen-weihnachtsbacken-der-arche\/#article","isPartOf":{"@id":"https:\/\/mto.org\/de\/mto-sufigemeinde-duesseldorf-war-zum-alljaehrlichen-weihnachtsbacken-der-arche\/"},"author":{"name":"MTO Redaktion","@id":"https:\/\/mto.org\/#\/schema\/person\/2f49f86784b3747b47bb554ffd56a975"},"headline":"MTO-Sufigemeinde D\u00fcsseldorf war zum allj\u00e4hrlichen #Weihnachtsbacken\u00a0in der Arche","datePublished":"2022-12-19T08:11:47+00:00","dateModified":"2023-05-08T11:35:44+00:00","mainEntityOfPage":{"@id":"https:\/\/mto.org\/de\/mto-sufigemeinde-duesseldorf-war-zum-alljaehrlichen-weihnachtsbacken-der-arche\/"},"wordCount":87,"publisher":{"@id":"https:\/\/mto.org\/#organization"},"image":{"@id":"https:\/\/mto.org\/de\/mto-sufigemeinde-duesseldorf-war-zum-alljaehrlichen-weihnachtsbacken-der-arche\/#primaryimage"},"thumbnailUrl":"https:\/\/mto.org\/wp-content\/uploads\/2023\/01\/Arche-Weihnachtsbacken2.jpg","articleSection":["D\u00fcsseldorf","Interreligi\u00f6ser Dialog"],"inLanguage":"de"},{"@type":"WebPage","@id":"https:\/\/mto.org\/de\/mto-sufigemeinde-duesseldorf-war-zum-alljaehrlichen-weihnachtsbacken-der-arche\/","url":"https:\/\/mto.org\/de\/mto-sufigemeinde-duesseldorf-war-zum-alljaehrlichen-weihnachtsbacken-der-arche\/","name":"MTO-Sufigemeinde D\u00fcsseldorf war zum allj\u00e4hrlichen #Weihnachtsbacken\u00a0in der Arche - MTO Shahmaghsoudi","isPartOf":{"@id":"https:\/\/mto.org\/#website"},"primaryImageOfPage":{"@id":"https:\/\/mto.org\/de\/mto-sufigemeinde-duesseldorf-war-zum-alljaehrlichen-weihnachtsbacken-der-arche\/#primaryimage"},"image":{"@id":"https:\/\/mto.org\/de\/mto-sufigemeinde-duesseldorf-war-zum-alljaehrlichen-weihnachtsbacken-der-arche\/#primaryimage"},"thumbnailUrl":"https:\/\/mto.org\/wp-content\/uploads\/2023\/01\/Arche-Weihnachtsbacken2.jpg","datePublished":"2022-12-19T08:11:47+00:00","dateModified":"2023-05-08T11:35:44+00:00","breadcrumb":{"@id":"https:\/\/mto.org\/de\/mto-sufigemeinde-duesseldorf-war-zum-alljaehrlichen-weihnachtsbacken-der-arche\/#breadcrumb"},"inLanguage":"de","potentialAction":[{"@type":"ReadAction","target":["https:\/\/mto.org\/de\/mto-sufigemeinde-duesseldorf-war-zum-alljaehrlichen-weihnachtsbacken-der-arche\/"]}]},{"@type":"ImageObject","inLanguage":"de","@id":"https:\/\/mto.org\/de\/mto-sufigemeinde-duesseldorf-war-zum-alljaehrlichen-weihnachtsbacken-der-arche\/#primaryimage","url":"https:\/\/mto.org\/wp-content\/uploads\/2023\/01\/Arche-Weihnachtsbacken2.jpg","contentUrl":"https:\/\/mto.org\/wp-content\/uploads\/2023\/01\/Arche-Weihnachtsbacken2.jpg","width":576,"height":324},{"@type":"BreadcrumbList","@id":"https:\/\/mto.org\/de\/mto-sufigemeinde-duesseldorf-war-zum-alljaehrlichen-weihnachtsbacken-der-arche\/#breadcrumb","itemListElement":[{"@type":"ListItem","position":1,"name":"Home","item":"https:\/\/mto.org\/de\/"},{"@type":"ListItem","position":2,"name":"MTO-Sufigemeinde D\u00fcsseldorf war zum allj\u00e4hrlichen #Weihnachtsbacken\u00a0in der Arche"}]},{"@type":"WebSite","@id":"https:\/\/mto.org\/#website","url":"https:\/\/mto.org\/","name":"MTO Shahmaghsoudi","description":"School of Islamic Sufism","publisher":{"@id":"https:\/\/mto.org\/#organization"},"potentialAction":[{"@type":"SearchAction","target":{"@type":"EntryPoint","urlTemplate":"https:\/\/mto.org\/?s={search_term_string}"},"query-input":{"@type":"PropertyValueSpecification","valueRequired":true,"valueName":"search_term_string"}}],"inLanguage":"de"},{"@type":"Organization","@id":"https:\/\/mto.org\/#organization","name":"MTO Shahmaghsoudi","url":"https:\/\/mto.org\/","logo":{"@type":"ImageObject","inLanguage":"de","@id":"https:\/\/mto.org\/#\/schema\/logo\/image\/","url":"https:\/\/mto.org\/wp-content\/uploads\/2023\/03\/MTO_LOGO_Header.png","contentUrl":"https:\/\/mto.org\/wp-content\/uploads\/2023\/03\/MTO_LOGO_Header.png","width":200,"height":200,"caption":"MTO Shahmaghsoudi"},"image":{"@id":"https:\/\/mto.org\/#\/schema\/logo\/image\/"},"sameAs":["https:\/\/www.facebook.com\/mtoshahmaghsoudi","https:\/\/x.com\/mtoshahmaghsoud","https:\/\/www.instagram.com\/mtoshahmaghsoudi\/"]},{"@type":"Person","@id":"https:\/\/mto.org\/#\/schema\/person\/2f49f86784b3747b47bb554ffd56a975","name":"MTO Redaktion","image":{"@type":"ImageObject","inLanguage":"de","@id":"https:\/\/mto.org\/#\/schema\/person\/image\/","url":"https:\/\/secure.gravatar.com\/avatar\/7e3905dd13630f67e3a9ef24bace6be2b009b8f4cb66d44bb6d9580bf3708868?s=96&d=mm&r=g","contentUrl":"https:\/\/secure.gravatar.com\/avatar\/7e3905dd13630f67e3a9ef24bace6be2b009b8f4cb66d44bb6d9580bf3708868?s=96&d=mm&r=g","caption":"MTO Redaktion"},"url":"https:\/\/mto.org\/de\/author\/mto-redaktion\/"}]}},"_links":{"self":[{"href":"https:\/\/mto.org\/de\/wp-json\/wp\/v2\/posts\/5381","targetHints":{"allow":["GET"]}}],"collection":[{"href":"https:\/\/mto.org\/de\/wp-json\/wp\/v2\/posts"}],"about":[{"href":"https:\/\/mto.org\/de\/wp-json\/wp\/v2\/types\/post"}],"author":[{"embeddable":true,"href":"https:\/\/mto.org\/de\/wp-json\/wp\/v2\/users\/2"}],"replies":[{"embeddable":true,"href":"https:\/\/mto.org\/de\/wp-json\/wp\/v2\/comments?post=5381"}],"version-history":[{"count":1,"href":"https:\/\/mto.org\/de\/wp-json\/wp\/v2\/posts\/5381\/revisions"}],"predecessor-version":[{"id":6343,"href":"https:\/\/mto.org\/de\/wp-json\/wp\/v2\/posts\/5381\/revisions\/6343"}],"wp:featuredmedia":[{"embeddable":true,"href":"https:\/\/mto.org\/de\/wp-json\/wp\/v2\/media\/5335"}],"wp:attachment":[{"href":"https:\/\/mto.org\/de\/wp-json\/wp\/v2\/media?parent=5381"}],"wp:term":[{"taxonomy":"category","embeddable":true,"href":"https:\/\/mto.org\/de\/wp-json\/wp\/v2\/categories?post=5381"},{"taxonomy":"post_tag","embeddable":true,"href":"https:\/\/mto.org\/de\/wp-json\/wp\/v2\/tags?post=5381"},{"taxonomy":"post_series","embeddable":true,"href":"https:\/\/mto.org\/de\/wp-json\/wp\/v2\/post_series?post=5381"}],"curies":[{"name":"wp","href":"https:\/\/api.w.org\/{rel}","templated":true}]}}