{"id":5379,"date":"2022-12-05T09:13:12","date_gmt":"2022-12-05T09:13:12","guid":{"rendered":"https:\/\/germany.mto.org\/?p=4499"},"modified":"2023-02-07T16:05:48","modified_gmt":"2023-02-07T15:05:48","slug":"anlaesslich-zum-2-advent-wurde-mto-von-goethe-museum-zu-einer-veranstaltung-im-schloss-jaegerhof-eingeladen","status":"publish","type":"post","link":"https:\/\/mto.org\/de\/anlaesslich-zum-2-advent-wurde-mto-von-goethe-museum-zu-einer-veranstaltung-im-schloss-jaegerhof-eingeladen\/","title":{"rendered":"MTO eingeladen bei einer Veranstaltung des Goethe-Museums"},"content":{"rendered":"<div>Anl\u00e4sslich zum 2.Advent wurde MTO von Goethe-Museum zu einer Veranstaltung im Schloss J\u00e4gerhof eingeladen.<\/div>\n<div class=\"_a9zs\"><span class=\"_aacl _aaco _aacu _aacx _aad7 _aade\"><span class=\"_aacl _aaco _aacu _aacx _aad7 _aade\">In musikalischer Begleitung wurden traditionelle deutsche und europ\u00e4ische Kurzgeschichten \u00fcber <a class=\"x1i10hfl xjbqb8w x6umtig x1b1mbwd xaqea5y xav7gou x9f619 x1ypdohk xt0psk2 xe8uvvx xdj266r x11i5rnm xat24cr x1mh8g0r xexx8yu x4uap5 x18d9i69 xkhd6sd x16tdsg8 x1hl2dhg xggy1nq x1a2a7pz _aa9_ _a6hd\" role=\"link\" href=\"https:\/\/www.instagram.com\/explore\/tags\/weihnachten\/\">#Weihnachten<\/a>\u00a0&#x1f385;&#x1f3fc; und die\u00a0<a class=\"x1i10hfl xjbqb8w x6umtig x1b1mbwd xaqea5y xav7gou x9f619 x1ypdohk xt0psk2 xe8uvvx xdj266r x11i5rnm xat24cr x1mh8g0r xexx8yu x4uap5 x18d9i69 xkhd6sd x16tdsg8 x1hl2dhg xggy1nq x1a2a7pz _aa9_ _a6hd\" role=\"link\" href=\"https:\/\/www.instagram.com\/explore\/tags\/winterzeit\/\">#Winterzeit<\/a>\u00a0&#x2744;&#xfe0f; vorgelesen.<br \/>\nEin weiteres\u00a0<a class=\"x1i10hfl xjbqb8w x6umtig x1b1mbwd xaqea5y xav7gou x9f619 x1ypdohk xt0psk2 xe8uvvx xdj266r x11i5rnm xat24cr x1mh8g0r xexx8yu x4uap5 x18d9i69 xkhd6sd x16tdsg8 x1hl2dhg xggy1nq x1a2a7pz _aa9_ _a6hd\" role=\"link\" href=\"https:\/\/www.instagram.com\/explore\/tags\/highlight\/\">#Highlight<\/a>\u00a0war der prunkvoll geschm\u00fcckte\u00a0<a class=\"x1i10hfl xjbqb8w x6umtig x1b1mbwd xaqea5y xav7gou x9f619 x1ypdohk xt0psk2 xe8uvvx xdj266r x11i5rnm xat24cr x1mh8g0r xexx8yu x4uap5 x18d9i69 xkhd6sd x16tdsg8 x1hl2dhg xggy1nq x1a2a7pz _aa9_ _a6hd\" role=\"link\" href=\"https:\/\/www.instagram.com\/explore\/tags\/weihnachtsbaum\/\">#Weihnachtsbaum<\/a>\u00a0&#x1f384;. Es ist eine langj\u00e4hrige Tradition des Schlosses den Weihnachtsbaum mit handgefertigtem Schmuck zu schm\u00fccken, so wie es auch zu Goethes Lebzeiten \u00fcblich war.<br \/>\nWir danken Frau Spies f\u00fcr diesen wundersch\u00f6nen Abend und w\u00fcnschen einen besinnlichen 2. Advent.<\/span><\/span><a class=\"x1i10hfl xjbqb8w x6umtig x1b1mbwd xaqea5y xav7gou x9f619 x1ypdohk xt0psk2 xe8uvvx xdj266r x11i5rnm xat24cr x1mh8g0r xexx8yu x4uap5 x18d9i69 xkhd6sd x16tdsg8 x1hl2dhg xggy1nq x1a2a7pz _aa9_ _a6hd\" role=\"link\" href=\"https:\/\/www.instagram.com\/explore\/tags\/mtoshahmaghsoudi\/\">#mtoshahmaghsoudi<\/a>\u00a0<a class=\"x1i10hfl xjbqb8w x6umtig x1b1mbwd xaqea5y xav7gou x9f619 x1ypdohk xt0psk2 xe8uvvx xdj266r x11i5rnm xat24cr x1mh8g0r xexx8yu x4uap5 x18d9i69 xkhd6sd x16tdsg8 x1hl2dhg xggy1nq x1a2a7pz _aa9_ _a6hd\" role=\"link\" href=\"https:\/\/www.instagram.com\/explore\/tags\/sufismusindeutschland\/\">#sufismusindeutschland<\/a>\u00a0<a class=\"x1i10hfl xjbqb8w x6umtig x1b1mbwd xaqea5y xav7gou x9f619 x1ypdohk xt0psk2 xe8uvvx xdj266r x11i5rnm xat24cr x1mh8g0r xexx8yu x4uap5 x18d9i69 xkhd6sd x16tdsg8 x1hl2dhg xggy1nq x1a2a7pz _aa9_ _a6hd\" role=\"link\" href=\"https:\/\/www.instagram.com\/explore\/tags\/goethemuseumd%C3%BCsseldorf\/\">#goethemuseumd\u00fcsseldorf<\/a><\/div>\n<div class=\"_aacl _aacn _aacu _aacy _aad6\"><\/div>\n<div><a href=\"https:\/\/mto.org\/wp-content\/uploads\/2023\/01\/Goethe-Museum2.jpg\"><img loading=\"lazy\" decoding=\"async\" class=\"aligncenter wp-image-4500 size-full\" src=\"https:\/\/mto.org\/wp-content\/uploads\/2023\/01\/Goethe-Museum2.jpg\" alt=\"\" width=\"768\" height=\"576\" \/><\/a><\/div>\n","protected":false},"excerpt":{"rendered":"<p>Anl\u00e4sslich zum 2.Advent wurde MTO von Goethe-Museum zu einer Veranstaltung im Schloss J\u00e4gerhof eingeladen. In musikalischer Begleitung wurden traditionelle deutsche und europ\u00e4ische Kurzgeschichten \u00fcber #Weihnachten\u00a0&#x1f385;&#x1f3fc; und die\u00a0#Winterzeit\u00a0&#x2744;&#xfe0f; vorgelesen. Ein weiteres\u00a0#Highlight\u00a0war der prunkvoll geschm\u00fcckte\u00a0#Weihnachtsbaum\u00a0&#x1f384;. Es ist eine langj\u00e4hrige Tradition des Schlosses&hellip;<\/p>\n","protected":false},"author":2,"featured_media":5331,"comment_status":"closed","ping_status":"open","sticky":false,"template":"","format":"standard","meta":{"_EventAllDay":false,"_EventTimezone":"","_EventStartDate":"","_EventEndDate":"","_EventStartDateUTC":"","_EventEndDateUTC":"","_EventShowMap":false,"_EventShowMapLink":false,"_EventURL":"","_EventCost":"","_EventCostDescription":"","_EventCurrencySymbol":"","_EventCurrencyCode":"","_EventCurrencyPosition":"","_EventDateTimeSeparator":"","_EventTimeRangeSeparator":"","_EventOrganizerID":[],"_EventVenueID":[],"_OrganizerEmail":"","_OrganizerPhone":"","_OrganizerWebsite":"","_VenueAddress":"","_VenueCity":"","_VenueCountry":"","_VenueProvince":"","_VenueState":"","_VenueZip":"","_VenuePhone":"","_VenueURL":"","_VenueStateProvince":"","_VenueLat":"","_VenueLng":"","_VenueShowMap":false,"_VenueShowMapLink":false,"footnotes":""},"categories":[42,75],"tags":[],"post_series":[],"class_list":["post-5379","post","type-post","status-publish","format-standard","has-post-thumbnail","hentry","category-duesseldorf","category-dialog","entry","has-media"],"yoast_head":"<!-- This site is optimized with the Yoast SEO plugin v24.8.1 - https:\/\/yoast.com\/wordpress\/plugins\/seo\/ -->\n<title>MTO eingeladen bei einer Veranstaltung des Goethe-Museums - MTO Shahmaghsoudi<\/title>\n<meta name=\"robots\" content=\"index, follow, max-snippet:-1, max-image-preview:large, max-video-preview:-1\" \/>\n<link rel=\"canonical\" href=\"https:\/\/mto.org\/de\/anlaesslich-zum-2-advent-wurde-mto-von-goethe-museum-zu-einer-veranstaltung-im-schloss-jaegerhof-eingeladen\/\" \/>\n<meta property=\"og:locale\" content=\"de_DE\" \/>\n<meta property=\"og:type\" content=\"article\" \/>\n<meta property=\"og:title\" content=\"MTO eingeladen bei einer Veranstaltung des Goethe-Museums - MTO Shahmaghsoudi\" \/>\n<meta property=\"og:description\" content=\"Anl\u00e4sslich zum 2.Advent wurde MTO von Goethe-Museum zu einer Veranstaltung im Schloss J\u00e4gerhof eingeladen. In musikalischer Begleitung wurden traditionelle deutsche und europ\u00e4ische Kurzgeschichten \u00fcber #Weihnachten\u00a0&#x1f385;&#x1f3fc; und die\u00a0#Winterzeit\u00a0&#x2744;&#xfe0f; vorgelesen. Ein weiteres\u00a0#Highlight\u00a0war der prunkvoll geschm\u00fcckte\u00a0#Weihnachtsbaum\u00a0&#x1f384;. Es ist eine langj\u00e4hrige Tradition des Schlosses&hellip;\" \/>\n<meta property=\"og:url\" content=\"https:\/\/mto.org\/de\/anlaesslich-zum-2-advent-wurde-mto-von-goethe-museum-zu-einer-veranstaltung-im-schloss-jaegerhof-eingeladen\/\" \/>\n<meta property=\"og:site_name\" content=\"MTO Shahmaghsoudi\" \/>\n<meta property=\"article:publisher\" content=\"https:\/\/www.facebook.com\/mtoshahmaghsoudi\" \/>\n<meta property=\"article:published_time\" content=\"2022-12-05T09:13:12+00:00\" \/>\n<meta property=\"article:modified_time\" content=\"2023-02-07T15:05:48+00:00\" \/>\n<meta property=\"og:image\" content=\"https:\/\/mto.org\/wp-content\/uploads\/2023\/01\/Goethe-Museum.jpg\" \/>\n\t<meta property=\"og:image:width\" content=\"768\" \/>\n\t<meta property=\"og:image:height\" content=\"576\" \/>\n\t<meta property=\"og:image:type\" content=\"image\/jpeg\" \/>\n<meta name=\"author\" content=\"MTO Redaktion\" \/>\n<meta name=\"twitter:card\" content=\"summary_large_image\" \/>\n<meta name=\"twitter:creator\" content=\"@mtoshahmaghsoud\" \/>\n<meta name=\"twitter:site\" content=\"@mtoshahmaghsoud\" \/>\n<meta name=\"twitter:label1\" content=\"Verfasst von\" \/>\n\t<meta name=\"twitter:data1\" content=\"MTO Redaktion\" \/>\n<script type=\"application\/ld+json\" class=\"yoast-schema-graph\">{\"@context\":\"https:\/\/schema.org\",\"@graph\":[{\"@type\":\"Article\",\"@id\":\"https:\/\/mto.org\/de\/anlaesslich-zum-2-advent-wurde-mto-von-goethe-museum-zu-einer-veranstaltung-im-schloss-jaegerhof-eingeladen\/#article\",\"isPartOf\":{\"@id\":\"https:\/\/mto.org\/de\/anlaesslich-zum-2-advent-wurde-mto-von-goethe-museum-zu-einer-veranstaltung-im-schloss-jaegerhof-eingeladen\/\"},\"author\":{\"name\":\"MTO Redaktion\",\"@id\":\"https:\/\/mto.org\/#\/schema\/person\/2f49f86784b3747b47bb554ffd56a975\"},\"headline\":\"MTO eingeladen bei einer Veranstaltung des Goethe-Museums\",\"datePublished\":\"2022-12-05T09:13:12+00:00\",\"dateModified\":\"2023-02-07T15:05:48+00:00\",\"mainEntityOfPage\":{\"@id\":\"https:\/\/mto.org\/de\/anlaesslich-zum-2-advent-wurde-mto-von-goethe-museum-zu-einer-veranstaltung-im-schloss-jaegerhof-eingeladen\/\"},\"wordCount\":103,\"publisher\":{\"@id\":\"https:\/\/mto.org\/#organization\"},\"image\":{\"@id\":\"https:\/\/mto.org\/de\/anlaesslich-zum-2-advent-wurde-mto-von-goethe-museum-zu-einer-veranstaltung-im-schloss-jaegerhof-eingeladen\/#primaryimage\"},\"thumbnailUrl\":\"https:\/\/mto.org\/wp-content\/uploads\/2023\/01\/Goethe-Museum.jpg\",\"articleSection\":[\"D\u00fcsseldorf\",\"Interreligi\u00f6ser Dialog\"],\"inLanguage\":\"de\"},{\"@type\":\"WebPage\",\"@id\":\"https:\/\/mto.org\/de\/anlaesslich-zum-2-advent-wurde-mto-von-goethe-museum-zu-einer-veranstaltung-im-schloss-jaegerhof-eingeladen\/\",\"url\":\"https:\/\/mto.org\/de\/anlaesslich-zum-2-advent-wurde-mto-von-goethe-museum-zu-einer-veranstaltung-im-schloss-jaegerhof-eingeladen\/\",\"name\":\"MTO eingeladen bei einer Veranstaltung des Goethe-Museums - MTO Shahmaghsoudi\",\"isPartOf\":{\"@id\":\"https:\/\/mto.org\/#website\"},\"primaryImageOfPage\":{\"@id\":\"https:\/\/mto.org\/de\/anlaesslich-zum-2-advent-wurde-mto-von-goethe-museum-zu-einer-veranstaltung-im-schloss-jaegerhof-eingeladen\/#primaryimage\"},\"image\":{\"@id\":\"https:\/\/mto.org\/de\/anlaesslich-zum-2-advent-wurde-mto-von-goethe-museum-zu-einer-veranstaltung-im-schloss-jaegerhof-eingeladen\/#primaryimage\"},\"thumbnailUrl\":\"https:\/\/mto.org\/wp-content\/uploads\/2023\/01\/Goethe-Museum.jpg\",\"datePublished\":\"2022-12-05T09:13:12+00:00\",\"dateModified\":\"2023-02-07T15:05:48+00:00\",\"breadcrumb\":{\"@id\":\"https:\/\/mto.org\/de\/anlaesslich-zum-2-advent-wurde-mto-von-goethe-museum-zu-einer-veranstaltung-im-schloss-jaegerhof-eingeladen\/#breadcrumb\"},\"inLanguage\":\"de\",\"potentialAction\":[{\"@type\":\"ReadAction\",\"target\":[\"https:\/\/mto.org\/de\/anlaesslich-zum-2-advent-wurde-mto-von-goethe-museum-zu-einer-veranstaltung-im-schloss-jaegerhof-eingeladen\/\"]}]},{\"@type\":\"ImageObject\",\"inLanguage\":\"de\",\"@id\":\"https:\/\/mto.org\/de\/anlaesslich-zum-2-advent-wurde-mto-von-goethe-museum-zu-einer-veranstaltung-im-schloss-jaegerhof-eingeladen\/#primaryimage\",\"url\":\"https:\/\/mto.org\/wp-content\/uploads\/2023\/01\/Goethe-Museum.jpg\",\"contentUrl\":\"https:\/\/mto.org\/wp-content\/uploads\/2023\/01\/Goethe-Museum.jpg\",\"width\":768,\"height\":576},{\"@type\":\"BreadcrumbList\",\"@id\":\"https:\/\/mto.org\/de\/anlaesslich-zum-2-advent-wurde-mto-von-goethe-museum-zu-einer-veranstaltung-im-schloss-jaegerhof-eingeladen\/#breadcrumb\",\"itemListElement\":[{\"@type\":\"ListItem\",\"position\":1,\"name\":\"Home\",\"item\":\"https:\/\/mto.org\/de\/\"},{\"@type\":\"ListItem\",\"position\":2,\"name\":\"MTO eingeladen bei einer Veranstaltung des Goethe-Museums\"}]},{\"@type\":\"WebSite\",\"@id\":\"https:\/\/mto.org\/#website\",\"url\":\"https:\/\/mto.org\/\",\"name\":\"MTO Shahmaghsoudi\",\"description\":\"School of Islamic Sufism\",\"publisher\":{\"@id\":\"https:\/\/mto.org\/#organization\"},\"potentialAction\":[{\"@type\":\"SearchAction\",\"target\":{\"@type\":\"EntryPoint\",\"urlTemplate\":\"https:\/\/mto.org\/?s={search_term_string}\"},\"query-input\":{\"@type\":\"PropertyValueSpecification\",\"valueRequired\":true,\"valueName\":\"search_term_string\"}}],\"inLanguage\":\"de\"},{\"@type\":\"Organization\",\"@id\":\"https:\/\/mto.org\/#organization\",\"name\":\"MTO Shahmaghsoudi\",\"url\":\"https:\/\/mto.org\/\",\"logo\":{\"@type\":\"ImageObject\",\"inLanguage\":\"de\",\"@id\":\"https:\/\/mto.org\/#\/schema\/logo\/image\/\",\"url\":\"https:\/\/mto.org\/wp-content\/uploads\/2023\/03\/MTO_LOGO_Header.png\",\"contentUrl\":\"https:\/\/mto.org\/wp-content\/uploads\/2023\/03\/MTO_LOGO_Header.png\",\"width\":200,\"height\":200,\"caption\":\"MTO Shahmaghsoudi\"},\"image\":{\"@id\":\"https:\/\/mto.org\/#\/schema\/logo\/image\/\"},\"sameAs\":[\"https:\/\/www.facebook.com\/mtoshahmaghsoudi\",\"https:\/\/x.com\/mtoshahmaghsoud\",\"https:\/\/www.instagram.com\/mtoshahmaghsoudi\/\"]},{\"@type\":\"Person\",\"@id\":\"https:\/\/mto.org\/#\/schema\/person\/2f49f86784b3747b47bb554ffd56a975\",\"name\":\"MTO Redaktion\",\"image\":{\"@type\":\"ImageObject\",\"inLanguage\":\"de\",\"@id\":\"https:\/\/mto.org\/#\/schema\/person\/image\/\",\"url\":\"https:\/\/secure.gravatar.com\/avatar\/7e3905dd13630f67e3a9ef24bace6be2b009b8f4cb66d44bb6d9580bf3708868?s=96&d=mm&r=g\",\"contentUrl\":\"https:\/\/secure.gravatar.com\/avatar\/7e3905dd13630f67e3a9ef24bace6be2b009b8f4cb66d44bb6d9580bf3708868?s=96&d=mm&r=g\",\"caption\":\"MTO Redaktion\"},\"url\":\"https:\/\/mto.org\/de\/author\/mto-redaktion\/\"}]}<\/script>\n<!-- \/ Yoast SEO plugin. -->","yoast_head_json":{"title":"MTO eingeladen bei einer Veranstaltung des Goethe-Museums - MTO Shahmaghsoudi","robots":{"index":"index","follow":"follow","max-snippet":"max-snippet:-1","max-image-preview":"max-image-preview:large","max-video-preview":"max-video-preview:-1"},"canonical":"https:\/\/mto.org\/de\/anlaesslich-zum-2-advent-wurde-mto-von-goethe-museum-zu-einer-veranstaltung-im-schloss-jaegerhof-eingeladen\/","og_locale":"de_DE","og_type":"article","og_title":"MTO eingeladen bei einer Veranstaltung des Goethe-Museums - MTO Shahmaghsoudi","og_description":"Anl\u00e4sslich zum 2.Advent wurde MTO von Goethe-Museum zu einer Veranstaltung im Schloss J\u00e4gerhof eingeladen. In musikalischer Begleitung wurden traditionelle deutsche und europ\u00e4ische Kurzgeschichten \u00fcber #Weihnachten\u00a0&#x1f385;&#x1f3fc; und die\u00a0#Winterzeit\u00a0&#x2744;&#xfe0f; vorgelesen. Ein weiteres\u00a0#Highlight\u00a0war der prunkvoll geschm\u00fcckte\u00a0#Weihnachtsbaum\u00a0&#x1f384;. Es ist eine langj\u00e4hrige Tradition des Schlosses&hellip;","og_url":"https:\/\/mto.org\/de\/anlaesslich-zum-2-advent-wurde-mto-von-goethe-museum-zu-einer-veranstaltung-im-schloss-jaegerhof-eingeladen\/","og_site_name":"MTO Shahmaghsoudi","article_publisher":"https:\/\/www.facebook.com\/mtoshahmaghsoudi","article_published_time":"2022-12-05T09:13:12+00:00","article_modified_time":"2023-02-07T15:05:48+00:00","og_image":[{"width":768,"height":576,"url":"https:\/\/mto.org\/wp-content\/uploads\/2023\/01\/Goethe-Museum.jpg","type":"image\/jpeg"}],"author":"MTO Redaktion","twitter_card":"summary_large_image","twitter_creator":"@mtoshahmaghsoud","twitter_site":"@mtoshahmaghsoud","twitter_misc":{"Verfasst von":"MTO Redaktion"},"schema":{"@context":"https:\/\/schema.org","@graph":[{"@type":"Article","@id":"https:\/\/mto.org\/de\/anlaesslich-zum-2-advent-wurde-mto-von-goethe-museum-zu-einer-veranstaltung-im-schloss-jaegerhof-eingeladen\/#article","isPartOf":{"@id":"https:\/\/mto.org\/de\/anlaesslich-zum-2-advent-wurde-mto-von-goethe-museum-zu-einer-veranstaltung-im-schloss-jaegerhof-eingeladen\/"},"author":{"name":"MTO Redaktion","@id":"https:\/\/mto.org\/#\/schema\/person\/2f49f86784b3747b47bb554ffd56a975"},"headline":"MTO eingeladen bei einer Veranstaltung des Goethe-Museums","datePublished":"2022-12-05T09:13:12+00:00","dateModified":"2023-02-07T15:05:48+00:00","mainEntityOfPage":{"@id":"https:\/\/mto.org\/de\/anlaesslich-zum-2-advent-wurde-mto-von-goethe-museum-zu-einer-veranstaltung-im-schloss-jaegerhof-eingeladen\/"},"wordCount":103,"publisher":{"@id":"https:\/\/mto.org\/#organization"},"image":{"@id":"https:\/\/mto.org\/de\/anlaesslich-zum-2-advent-wurde-mto-von-goethe-museum-zu-einer-veranstaltung-im-schloss-jaegerhof-eingeladen\/#primaryimage"},"thumbnailUrl":"https:\/\/mto.org\/wp-content\/uploads\/2023\/01\/Goethe-Museum.jpg","articleSection":["D\u00fcsseldorf","Interreligi\u00f6ser Dialog"],"inLanguage":"de"},{"@type":"WebPage","@id":"https:\/\/mto.org\/de\/anlaesslich-zum-2-advent-wurde-mto-von-goethe-museum-zu-einer-veranstaltung-im-schloss-jaegerhof-eingeladen\/","url":"https:\/\/mto.org\/de\/anlaesslich-zum-2-advent-wurde-mto-von-goethe-museum-zu-einer-veranstaltung-im-schloss-jaegerhof-eingeladen\/","name":"MTO eingeladen bei einer Veranstaltung des Goethe-Museums - MTO Shahmaghsoudi","isPartOf":{"@id":"https:\/\/mto.org\/#website"},"primaryImageOfPage":{"@id":"https:\/\/mto.org\/de\/anlaesslich-zum-2-advent-wurde-mto-von-goethe-museum-zu-einer-veranstaltung-im-schloss-jaegerhof-eingeladen\/#primaryimage"},"image":{"@id":"https:\/\/mto.org\/de\/anlaesslich-zum-2-advent-wurde-mto-von-goethe-museum-zu-einer-veranstaltung-im-schloss-jaegerhof-eingeladen\/#primaryimage"},"thumbnailUrl":"https:\/\/mto.org\/wp-content\/uploads\/2023\/01\/Goethe-Museum.jpg","datePublished":"2022-12-05T09:13:12+00:00","dateModified":"2023-02-07T15:05:48+00:00","breadcrumb":{"@id":"https:\/\/mto.org\/de\/anlaesslich-zum-2-advent-wurde-mto-von-goethe-museum-zu-einer-veranstaltung-im-schloss-jaegerhof-eingeladen\/#breadcrumb"},"inLanguage":"de","potentialAction":[{"@type":"ReadAction","target":["https:\/\/mto.org\/de\/anlaesslich-zum-2-advent-wurde-mto-von-goethe-museum-zu-einer-veranstaltung-im-schloss-jaegerhof-eingeladen\/"]}]},{"@type":"ImageObject","inLanguage":"de","@id":"https:\/\/mto.org\/de\/anlaesslich-zum-2-advent-wurde-mto-von-goethe-museum-zu-einer-veranstaltung-im-schloss-jaegerhof-eingeladen\/#primaryimage","url":"https:\/\/mto.org\/wp-content\/uploads\/2023\/01\/Goethe-Museum.jpg","contentUrl":"https:\/\/mto.org\/wp-content\/uploads\/2023\/01\/Goethe-Museum.jpg","width":768,"height":576},{"@type":"BreadcrumbList","@id":"https:\/\/mto.org\/de\/anlaesslich-zum-2-advent-wurde-mto-von-goethe-museum-zu-einer-veranstaltung-im-schloss-jaegerhof-eingeladen\/#breadcrumb","itemListElement":[{"@type":"ListItem","position":1,"name":"Home","item":"https:\/\/mto.org\/de\/"},{"@type":"ListItem","position":2,"name":"MTO eingeladen bei einer Veranstaltung des Goethe-Museums"}]},{"@type":"WebSite","@id":"https:\/\/mto.org\/#website","url":"https:\/\/mto.org\/","name":"MTO Shahmaghsoudi","description":"School of Islamic Sufism","publisher":{"@id":"https:\/\/mto.org\/#organization"},"potentialAction":[{"@type":"SearchAction","target":{"@type":"EntryPoint","urlTemplate":"https:\/\/mto.org\/?s={search_term_string}"},"query-input":{"@type":"PropertyValueSpecification","valueRequired":true,"valueName":"search_term_string"}}],"inLanguage":"de"},{"@type":"Organization","@id":"https:\/\/mto.org\/#organization","name":"MTO Shahmaghsoudi","url":"https:\/\/mto.org\/","logo":{"@type":"ImageObject","inLanguage":"de","@id":"https:\/\/mto.org\/#\/schema\/logo\/image\/","url":"https:\/\/mto.org\/wp-content\/uploads\/2023\/03\/MTO_LOGO_Header.png","contentUrl":"https:\/\/mto.org\/wp-content\/uploads\/2023\/03\/MTO_LOGO_Header.png","width":200,"height":200,"caption":"MTO Shahmaghsoudi"},"image":{"@id":"https:\/\/mto.org\/#\/schema\/logo\/image\/"},"sameAs":["https:\/\/www.facebook.com\/mtoshahmaghsoudi","https:\/\/x.com\/mtoshahmaghsoud","https:\/\/www.instagram.com\/mtoshahmaghsoudi\/"]},{"@type":"Person","@id":"https:\/\/mto.org\/#\/schema\/person\/2f49f86784b3747b47bb554ffd56a975","name":"MTO Redaktion","image":{"@type":"ImageObject","inLanguage":"de","@id":"https:\/\/mto.org\/#\/schema\/person\/image\/","url":"https:\/\/secure.gravatar.com\/avatar\/7e3905dd13630f67e3a9ef24bace6be2b009b8f4cb66d44bb6d9580bf3708868?s=96&d=mm&r=g","contentUrl":"https:\/\/secure.gravatar.com\/avatar\/7e3905dd13630f67e3a9ef24bace6be2b009b8f4cb66d44bb6d9580bf3708868?s=96&d=mm&r=g","caption":"MTO Redaktion"},"url":"https:\/\/mto.org\/de\/author\/mto-redaktion\/"}]}},"_links":{"self":[{"href":"https:\/\/mto.org\/de\/wp-json\/wp\/v2\/posts\/5379","targetHints":{"allow":["GET"]}}],"collection":[{"href":"https:\/\/mto.org\/de\/wp-json\/wp\/v2\/posts"}],"about":[{"href":"https:\/\/mto.org\/de\/wp-json\/wp\/v2\/types\/post"}],"author":[{"embeddable":true,"href":"https:\/\/mto.org\/de\/wp-json\/wp\/v2\/users\/2"}],"replies":[{"embeddable":true,"href":"https:\/\/mto.org\/de\/wp-json\/wp\/v2\/comments?post=5379"}],"version-history":[{"count":1,"href":"https:\/\/mto.org\/de\/wp-json\/wp\/v2\/posts\/5379\/revisions"}],"predecessor-version":[{"id":6490,"href":"https:\/\/mto.org\/de\/wp-json\/wp\/v2\/posts\/5379\/revisions\/6490"}],"wp:featuredmedia":[{"embeddable":true,"href":"https:\/\/mto.org\/de\/wp-json\/wp\/v2\/media\/5331"}],"wp:attachment":[{"href":"https:\/\/mto.org\/de\/wp-json\/wp\/v2\/media?parent=5379"}],"wp:term":[{"taxonomy":"category","embeddable":true,"href":"https:\/\/mto.org\/de\/wp-json\/wp\/v2\/categories?post=5379"},{"taxonomy":"post_tag","embeddable":true,"href":"https:\/\/mto.org\/de\/wp-json\/wp\/v2\/tags?post=5379"},{"taxonomy":"post_series","embeddable":true,"href":"https:\/\/mto.org\/de\/wp-json\/wp\/v2\/post_series?post=5379"}],"curies":[{"name":"wp","href":"https:\/\/api.w.org\/{rel}","templated":true}]}}