{"id":3466,"date":"2021-02-05T18:58:53","date_gmt":"2021-02-05T18:58:53","guid":{"rendered":"https:\/\/germany.mto.org\/?p=3466"},"modified":"2023-02-07T15:06:48","modified_gmt":"2023-02-07T14:06:48","slug":"mto-sagt-danke-pflegekraefte-aerztinnen-und-das-gesamte-krankenhauspersonal","status":"publish","type":"post","link":"https:\/\/mto.org\/de\/mto-sagt-danke-pflegekraefte-aerztinnen-und-das-gesamte-krankenhauspersonal\/","title":{"rendered":"MTO\u00ae sagt \u201eDanke\u201c an Pflegekr\u00e4fte, \u00c4rzt*innen und das gesamte Krankenhauspersonal"},"content":{"rendered":"<p>Ein hartes Jahr liegt hinter uns, in dem insbesondere die Pflegekr\u00e4fte, \u00c4rzt*innen und das gesamte Krankenhauspersonal enormes geleistet haben und dies auch weiterhin unerm\u00fcdlich tun. Ihrem Einsatz verdanken wir unser gutes Gesundheitssystem, f\u00fcr das alle dankbar sind. Diese Dankbarkeit haben wir, die MTO Shahmaghsoudi\u00ae Sufi-Gemeinde, dadurch zum Ausdruck gebracht, indem wir den Mitarbeitern des St. Marien Hospitals in K\u00f6ln eine kleine Freude bereiteten. Der 04. Februar ist der Geburtstag des Sufi-Meisters Professor Sadegh Angha (Hazrat Shahmaghsoud), dem Namensgeber unseres Sufi-Ordens. An diesem f\u00fcr uns so wichtigen Tag haben wir dem Krankenhauspersonal 100 kleine P\u00e4ckchen gef\u00fcllt mit Handcreme, S\u00fc\u00dfigkeiten und einem gro\u00dfen Dankesch\u00f6n in Form eines Herzens aus S\u00fc\u00dfigkeiten \u00fcberreicht.<\/p>\n<p>Liebe Pflegekr\u00e4fte, liebe \u00c4rzt*innen und liebes Krankenhauspersonal, wir danken Ihnen ganz herzlich f\u00fcr Ihren Einsatz und die t\u00e4gliche Arbeit, die Sie leisten und hoffen, dass wir alle gesund diese Zeit \u00fcberstehen!<\/p>\n<p><a href=\"https:\/\/mto-media.s3.amazonaws.com\/sites\/4\/2021\/02\/Spendenaktion-Februar-2021-1.jpeg\"><img loading=\"lazy\" decoding=\"async\" class=\"aligncenter wp-image-3467 size-full\" src=\"https:\/\/mto-media.s3.amazonaws.com\/sites\/4\/2021\/02\/Spendenaktion-Februar-2021-1.jpeg\" alt=\"\" width=\"1024\" height=\"768\" srcset=\"https:\/\/mto.org\/wp-content\/uploads\/2021\/02\/Spendenaktion-Februar-2021-1.jpeg 1024w, https:\/\/mto.org\/wp-content\/uploads\/2021\/02\/Spendenaktion-Februar-2021-1-300x225.jpeg 300w, https:\/\/mto.org\/wp-content\/uploads\/2021\/02\/Spendenaktion-Februar-2021-1-768x576.jpeg 768w\" sizes=\"auto, (max-width: 1024px) 100vw, 1024px\" \/><\/a><\/p>\n<p><a href=\"https:\/\/mto-media.s3.amazonaws.com\/sites\/4\/2021\/02\/Spendenaktion-Februar-2021-3.jpeg\"><img loading=\"lazy\" decoding=\"async\" class=\"aligncenter wp-image-3471 size-full\" src=\"https:\/\/mto-media.s3.amazonaws.com\/sites\/4\/2021\/02\/Spendenaktion-Februar-2021-3.jpeg\" alt=\"\" width=\"1024\" height=\"768\" srcset=\"https:\/\/mto.org\/wp-content\/uploads\/2021\/02\/Spendenaktion-Februar-2021-3.jpeg 1024w, https:\/\/mto.org\/wp-content\/uploads\/2021\/02\/Spendenaktion-Februar-2021-3-300x225.jpeg 300w, https:\/\/mto.org\/wp-content\/uploads\/2021\/02\/Spendenaktion-Februar-2021-3-768x576.jpeg 768w\" sizes=\"auto, (max-width: 1024px) 100vw, 1024px\" \/><\/a><\/p>\n","protected":false},"excerpt":{"rendered":"<p>Ein hartes Jahr liegt hinter uns, in dem insbesondere die Pflegekr\u00e4fte, \u00c4rzt*innen und das gesamte Krankenhauspersonal enormes geleistet haben und dies auch weiterhin unerm\u00fcdlich tun. Ihrem Einsatz verdanken wir unser gutes Gesundheitssystem, f\u00fcr das alle dankbar sind. Diese Dankbarkeit haben&hellip;<\/p>\n","protected":false},"author":2,"featured_media":3469,"comment_status":"closed","ping_status":"open","sticky":false,"template":"","format":"standard","meta":{"_EventAllDay":false,"_EventTimezone":"","_EventStartDate":"","_EventEndDate":"","_EventStartDateUTC":"","_EventEndDateUTC":"","_EventShowMap":false,"_EventShowMapLink":false,"_EventURL":"","_EventCost":"","_EventCostDescription":"","_EventCurrencySymbol":"","_EventCurrencyCode":"","_EventCurrencyPosition":"","_EventDateTimeSeparator":"","_EventTimeRangeSeparator":"","_EventOrganizerID":[],"_EventVenueID":[],"_OrganizerEmail":"","_OrganizerPhone":"","_OrganizerWebsite":"","_VenueAddress":"","_VenueCity":"","_VenueCountry":"","_VenueProvince":"","_VenueState":"","_VenueZip":"","_VenuePhone":"","_VenueURL":"","_VenueStateProvince":"","_VenueLat":"","_VenueLng":"","_VenueShowMap":false,"_VenueShowMapLink":false,"footnotes":""},"categories":[73,31,42],"tags":[],"post_series":[],"class_list":["post-3466","post","type-post","status-publish","format-standard","has-post-thumbnail","hentry","category-community-support","category-comsupprort","category-duesseldorf","entry","has-media"],"yoast_head":"<!-- This site is optimized with the Yoast SEO plugin v24.8.1 - https:\/\/yoast.com\/wordpress\/plugins\/seo\/ -->\n<title>MTO\u00ae sagt \u201eDanke\u201c an Pflegekr\u00e4fte, \u00c4rzt*innen und das gesamte Krankenhauspersonal - MTO Shahmaghsoudi<\/title>\n<meta name=\"robots\" content=\"index, follow, max-snippet:-1, max-image-preview:large, max-video-preview:-1\" \/>\n<link rel=\"canonical\" href=\"https:\/\/mto.org\/de\/mto-sagt-danke-pflegekraefte-aerztinnen-und-das-gesamte-krankenhauspersonal\/\" \/>\n<meta property=\"og:locale\" content=\"de_DE\" \/>\n<meta property=\"og:type\" content=\"article\" \/>\n<meta property=\"og:title\" content=\"MTO\u00ae sagt \u201eDanke\u201c an Pflegekr\u00e4fte, \u00c4rzt*innen und das gesamte Krankenhauspersonal - MTO Shahmaghsoudi\" \/>\n<meta property=\"og:description\" content=\"Ein hartes Jahr liegt hinter uns, in dem insbesondere die Pflegekr\u00e4fte, \u00c4rzt*innen und das gesamte Krankenhauspersonal enormes geleistet haben und dies auch weiterhin unerm\u00fcdlich tun. Ihrem Einsatz verdanken wir unser gutes Gesundheitssystem, f\u00fcr das alle dankbar sind. Diese Dankbarkeit haben&hellip;\" \/>\n<meta property=\"og:url\" content=\"https:\/\/mto.org\/de\/mto-sagt-danke-pflegekraefte-aerztinnen-und-das-gesamte-krankenhauspersonal\/\" \/>\n<meta property=\"og:site_name\" content=\"MTO Shahmaghsoudi\" \/>\n<meta property=\"article:publisher\" content=\"https:\/\/www.facebook.com\/mtoshahmaghsoudi\" \/>\n<meta property=\"article:published_time\" content=\"2021-02-05T18:58:53+00:00\" \/>\n<meta property=\"article:modified_time\" content=\"2023-02-07T14:06:48+00:00\" \/>\n<meta property=\"og:image\" content=\"https:\/\/mto.org\/wp-content\/uploads\/2021\/02\/Spendenaktion-Februar-2021-2.jpeg\" \/>\n\t<meta property=\"og:image:width\" content=\"1024\" \/>\n\t<meta property=\"og:image:height\" content=\"576\" \/>\n\t<meta property=\"og:image:type\" content=\"image\/jpeg\" \/>\n<meta name=\"author\" content=\"MTO Redaktion\" \/>\n<meta name=\"twitter:card\" content=\"summary_large_image\" \/>\n<meta name=\"twitter:creator\" content=\"@mtoshahmaghsoud\" \/>\n<meta name=\"twitter:site\" content=\"@mtoshahmaghsoud\" \/>\n<meta name=\"twitter:label1\" content=\"Verfasst von\" \/>\n\t<meta name=\"twitter:data1\" content=\"MTO Redaktion\" \/>\n\t<meta name=\"twitter:label2\" content=\"Gesch\u00e4tzte Lesezeit\" \/>\n\t<meta name=\"twitter:data2\" content=\"1\u00a0Minute\" \/>\n<script type=\"application\/ld+json\" class=\"yoast-schema-graph\">{\"@context\":\"https:\/\/schema.org\",\"@graph\":[{\"@type\":\"Article\",\"@id\":\"https:\/\/mto.org\/de\/mto-sagt-danke-pflegekraefte-aerztinnen-und-das-gesamte-krankenhauspersonal\/#article\",\"isPartOf\":{\"@id\":\"https:\/\/mto.org\/de\/mto-sagt-danke-pflegekraefte-aerztinnen-und-das-gesamte-krankenhauspersonal\/\"},\"author\":{\"name\":\"MTO Redaktion\",\"@id\":\"https:\/\/mto.org\/#\/schema\/person\/2f49f86784b3747b47bb554ffd56a975\"},\"headline\":\"MTO\u00ae sagt \u201eDanke\u201c an Pflegekr\u00e4fte, \u00c4rzt*innen und das gesamte Krankenhauspersonal\",\"datePublished\":\"2021-02-05T18:58:53+00:00\",\"dateModified\":\"2023-02-07T14:06:48+00:00\",\"mainEntityOfPage\":{\"@id\":\"https:\/\/mto.org\/de\/mto-sagt-danke-pflegekraefte-aerztinnen-und-das-gesamte-krankenhauspersonal\/\"},\"wordCount\":166,\"publisher\":{\"@id\":\"https:\/\/mto.org\/#organization\"},\"image\":{\"@id\":\"https:\/\/mto.org\/de\/mto-sagt-danke-pflegekraefte-aerztinnen-und-das-gesamte-krankenhauspersonal\/#primaryimage\"},\"thumbnailUrl\":\"https:\/\/mto.org\/wp-content\/uploads\/2021\/02\/Spendenaktion-Februar-2021-2.jpeg\",\"articleSection\":[\"Community Support\",\"Community Support\",\"D\u00fcsseldorf\"],\"inLanguage\":\"de\"},{\"@type\":\"WebPage\",\"@id\":\"https:\/\/mto.org\/de\/mto-sagt-danke-pflegekraefte-aerztinnen-und-das-gesamte-krankenhauspersonal\/\",\"url\":\"https:\/\/mto.org\/de\/mto-sagt-danke-pflegekraefte-aerztinnen-und-das-gesamte-krankenhauspersonal\/\",\"name\":\"MTO\u00ae sagt \u201eDanke\u201c an Pflegekr\u00e4fte, \u00c4rzt*innen und das gesamte Krankenhauspersonal - MTO Shahmaghsoudi\",\"isPartOf\":{\"@id\":\"https:\/\/mto.org\/#website\"},\"primaryImageOfPage\":{\"@id\":\"https:\/\/mto.org\/de\/mto-sagt-danke-pflegekraefte-aerztinnen-und-das-gesamte-krankenhauspersonal\/#primaryimage\"},\"image\":{\"@id\":\"https:\/\/mto.org\/de\/mto-sagt-danke-pflegekraefte-aerztinnen-und-das-gesamte-krankenhauspersonal\/#primaryimage\"},\"thumbnailUrl\":\"https:\/\/mto.org\/wp-content\/uploads\/2021\/02\/Spendenaktion-Februar-2021-2.jpeg\",\"datePublished\":\"2021-02-05T18:58:53+00:00\",\"dateModified\":\"2023-02-07T14:06:48+00:00\",\"breadcrumb\":{\"@id\":\"https:\/\/mto.org\/de\/mto-sagt-danke-pflegekraefte-aerztinnen-und-das-gesamte-krankenhauspersonal\/#breadcrumb\"},\"inLanguage\":\"de\",\"potentialAction\":[{\"@type\":\"ReadAction\",\"target\":[\"https:\/\/mto.org\/de\/mto-sagt-danke-pflegekraefte-aerztinnen-und-das-gesamte-krankenhauspersonal\/\"]}]},{\"@type\":\"ImageObject\",\"inLanguage\":\"de\",\"@id\":\"https:\/\/mto.org\/de\/mto-sagt-danke-pflegekraefte-aerztinnen-und-das-gesamte-krankenhauspersonal\/#primaryimage\",\"url\":\"https:\/\/mto.org\/wp-content\/uploads\/2021\/02\/Spendenaktion-Februar-2021-2.jpeg\",\"contentUrl\":\"https:\/\/mto.org\/wp-content\/uploads\/2021\/02\/Spendenaktion-Februar-2021-2.jpeg\",\"width\":1024,\"height\":576},{\"@type\":\"BreadcrumbList\",\"@id\":\"https:\/\/mto.org\/de\/mto-sagt-danke-pflegekraefte-aerztinnen-und-das-gesamte-krankenhauspersonal\/#breadcrumb\",\"itemListElement\":[{\"@type\":\"ListItem\",\"position\":1,\"name\":\"Home\",\"item\":\"https:\/\/mto.org\/de\/\"},{\"@type\":\"ListItem\",\"position\":2,\"name\":\"MTO\u00ae sagt \u201eDanke\u201c an Pflegekr\u00e4fte, \u00c4rzt*innen und das gesamte Krankenhauspersonal\"}]},{\"@type\":\"WebSite\",\"@id\":\"https:\/\/mto.org\/#website\",\"url\":\"https:\/\/mto.org\/\",\"name\":\"MTO Shahmaghsoudi\",\"description\":\"School of Islamic Sufism\",\"publisher\":{\"@id\":\"https:\/\/mto.org\/#organization\"},\"potentialAction\":[{\"@type\":\"SearchAction\",\"target\":{\"@type\":\"EntryPoint\",\"urlTemplate\":\"https:\/\/mto.org\/?s={search_term_string}\"},\"query-input\":{\"@type\":\"PropertyValueSpecification\",\"valueRequired\":true,\"valueName\":\"search_term_string\"}}],\"inLanguage\":\"de\"},{\"@type\":\"Organization\",\"@id\":\"https:\/\/mto.org\/#organization\",\"name\":\"MTO Shahmaghsoudi\",\"url\":\"https:\/\/mto.org\/\",\"logo\":{\"@type\":\"ImageObject\",\"inLanguage\":\"de\",\"@id\":\"https:\/\/mto.org\/#\/schema\/logo\/image\/\",\"url\":\"https:\/\/mto.org\/wp-content\/uploads\/2023\/03\/MTO_LOGO_Header.png\",\"contentUrl\":\"https:\/\/mto.org\/wp-content\/uploads\/2023\/03\/MTO_LOGO_Header.png\",\"width\":200,\"height\":200,\"caption\":\"MTO Shahmaghsoudi\"},\"image\":{\"@id\":\"https:\/\/mto.org\/#\/schema\/logo\/image\/\"},\"sameAs\":[\"https:\/\/www.facebook.com\/mtoshahmaghsoudi\",\"https:\/\/x.com\/mtoshahmaghsoud\",\"https:\/\/www.instagram.com\/mtoshahmaghsoudi\/\"]},{\"@type\":\"Person\",\"@id\":\"https:\/\/mto.org\/#\/schema\/person\/2f49f86784b3747b47bb554ffd56a975\",\"name\":\"MTO Redaktion\",\"image\":{\"@type\":\"ImageObject\",\"inLanguage\":\"de\",\"@id\":\"https:\/\/mto.org\/#\/schema\/person\/image\/\",\"url\":\"https:\/\/secure.gravatar.com\/avatar\/7e3905dd13630f67e3a9ef24bace6be2b009b8f4cb66d44bb6d9580bf3708868?s=96&d=mm&r=g\",\"contentUrl\":\"https:\/\/secure.gravatar.com\/avatar\/7e3905dd13630f67e3a9ef24bace6be2b009b8f4cb66d44bb6d9580bf3708868?s=96&d=mm&r=g\",\"caption\":\"MTO Redaktion\"},\"url\":\"https:\/\/mto.org\/de\/author\/mto-redaktion\/\"}]}<\/script>\n<!-- \/ Yoast SEO plugin. -->","yoast_head_json":{"title":"MTO\u00ae sagt \u201eDanke\u201c an Pflegekr\u00e4fte, \u00c4rzt*innen und das gesamte Krankenhauspersonal - MTO Shahmaghsoudi","robots":{"index":"index","follow":"follow","max-snippet":"max-snippet:-1","max-image-preview":"max-image-preview:large","max-video-preview":"max-video-preview:-1"},"canonical":"https:\/\/mto.org\/de\/mto-sagt-danke-pflegekraefte-aerztinnen-und-das-gesamte-krankenhauspersonal\/","og_locale":"de_DE","og_type":"article","og_title":"MTO\u00ae sagt \u201eDanke\u201c an Pflegekr\u00e4fte, \u00c4rzt*innen und das gesamte Krankenhauspersonal - MTO Shahmaghsoudi","og_description":"Ein hartes Jahr liegt hinter uns, in dem insbesondere die Pflegekr\u00e4fte, \u00c4rzt*innen und das gesamte Krankenhauspersonal enormes geleistet haben und dies auch weiterhin unerm\u00fcdlich tun. Ihrem Einsatz verdanken wir unser gutes Gesundheitssystem, f\u00fcr das alle dankbar sind. Diese Dankbarkeit haben&hellip;","og_url":"https:\/\/mto.org\/de\/mto-sagt-danke-pflegekraefte-aerztinnen-und-das-gesamte-krankenhauspersonal\/","og_site_name":"MTO Shahmaghsoudi","article_publisher":"https:\/\/www.facebook.com\/mtoshahmaghsoudi","article_published_time":"2021-02-05T18:58:53+00:00","article_modified_time":"2023-02-07T14:06:48+00:00","og_image":[{"width":1024,"height":576,"url":"https:\/\/mto.org\/wp-content\/uploads\/2021\/02\/Spendenaktion-Februar-2021-2.jpeg","type":"image\/jpeg"}],"author":"MTO Redaktion","twitter_card":"summary_large_image","twitter_creator":"@mtoshahmaghsoud","twitter_site":"@mtoshahmaghsoud","twitter_misc":{"Verfasst von":"MTO Redaktion","Gesch\u00e4tzte Lesezeit":"1\u00a0Minute"},"schema":{"@context":"https:\/\/schema.org","@graph":[{"@type":"Article","@id":"https:\/\/mto.org\/de\/mto-sagt-danke-pflegekraefte-aerztinnen-und-das-gesamte-krankenhauspersonal\/#article","isPartOf":{"@id":"https:\/\/mto.org\/de\/mto-sagt-danke-pflegekraefte-aerztinnen-und-das-gesamte-krankenhauspersonal\/"},"author":{"name":"MTO Redaktion","@id":"https:\/\/mto.org\/#\/schema\/person\/2f49f86784b3747b47bb554ffd56a975"},"headline":"MTO\u00ae sagt \u201eDanke\u201c an Pflegekr\u00e4fte, \u00c4rzt*innen und das gesamte Krankenhauspersonal","datePublished":"2021-02-05T18:58:53+00:00","dateModified":"2023-02-07T14:06:48+00:00","mainEntityOfPage":{"@id":"https:\/\/mto.org\/de\/mto-sagt-danke-pflegekraefte-aerztinnen-und-das-gesamte-krankenhauspersonal\/"},"wordCount":166,"publisher":{"@id":"https:\/\/mto.org\/#organization"},"image":{"@id":"https:\/\/mto.org\/de\/mto-sagt-danke-pflegekraefte-aerztinnen-und-das-gesamte-krankenhauspersonal\/#primaryimage"},"thumbnailUrl":"https:\/\/mto.org\/wp-content\/uploads\/2021\/02\/Spendenaktion-Februar-2021-2.jpeg","articleSection":["Community Support","Community Support","D\u00fcsseldorf"],"inLanguage":"de"},{"@type":"WebPage","@id":"https:\/\/mto.org\/de\/mto-sagt-danke-pflegekraefte-aerztinnen-und-das-gesamte-krankenhauspersonal\/","url":"https:\/\/mto.org\/de\/mto-sagt-danke-pflegekraefte-aerztinnen-und-das-gesamte-krankenhauspersonal\/","name":"MTO\u00ae sagt \u201eDanke\u201c an Pflegekr\u00e4fte, \u00c4rzt*innen und das gesamte Krankenhauspersonal - MTO Shahmaghsoudi","isPartOf":{"@id":"https:\/\/mto.org\/#website"},"primaryImageOfPage":{"@id":"https:\/\/mto.org\/de\/mto-sagt-danke-pflegekraefte-aerztinnen-und-das-gesamte-krankenhauspersonal\/#primaryimage"},"image":{"@id":"https:\/\/mto.org\/de\/mto-sagt-danke-pflegekraefte-aerztinnen-und-das-gesamte-krankenhauspersonal\/#primaryimage"},"thumbnailUrl":"https:\/\/mto.org\/wp-content\/uploads\/2021\/02\/Spendenaktion-Februar-2021-2.jpeg","datePublished":"2021-02-05T18:58:53+00:00","dateModified":"2023-02-07T14:06:48+00:00","breadcrumb":{"@id":"https:\/\/mto.org\/de\/mto-sagt-danke-pflegekraefte-aerztinnen-und-das-gesamte-krankenhauspersonal\/#breadcrumb"},"inLanguage":"de","potentialAction":[{"@type":"ReadAction","target":["https:\/\/mto.org\/de\/mto-sagt-danke-pflegekraefte-aerztinnen-und-das-gesamte-krankenhauspersonal\/"]}]},{"@type":"ImageObject","inLanguage":"de","@id":"https:\/\/mto.org\/de\/mto-sagt-danke-pflegekraefte-aerztinnen-und-das-gesamte-krankenhauspersonal\/#primaryimage","url":"https:\/\/mto.org\/wp-content\/uploads\/2021\/02\/Spendenaktion-Februar-2021-2.jpeg","contentUrl":"https:\/\/mto.org\/wp-content\/uploads\/2021\/02\/Spendenaktion-Februar-2021-2.jpeg","width":1024,"height":576},{"@type":"BreadcrumbList","@id":"https:\/\/mto.org\/de\/mto-sagt-danke-pflegekraefte-aerztinnen-und-das-gesamte-krankenhauspersonal\/#breadcrumb","itemListElement":[{"@type":"ListItem","position":1,"name":"Home","item":"https:\/\/mto.org\/de\/"},{"@type":"ListItem","position":2,"name":"MTO\u00ae sagt \u201eDanke\u201c an Pflegekr\u00e4fte, \u00c4rzt*innen und das gesamte Krankenhauspersonal"}]},{"@type":"WebSite","@id":"https:\/\/mto.org\/#website","url":"https:\/\/mto.org\/","name":"MTO Shahmaghsoudi","description":"School of Islamic Sufism","publisher":{"@id":"https:\/\/mto.org\/#organization"},"potentialAction":[{"@type":"SearchAction","target":{"@type":"EntryPoint","urlTemplate":"https:\/\/mto.org\/?s={search_term_string}"},"query-input":{"@type":"PropertyValueSpecification","valueRequired":true,"valueName":"search_term_string"}}],"inLanguage":"de"},{"@type":"Organization","@id":"https:\/\/mto.org\/#organization","name":"MTO Shahmaghsoudi","url":"https:\/\/mto.org\/","logo":{"@type":"ImageObject","inLanguage":"de","@id":"https:\/\/mto.org\/#\/schema\/logo\/image\/","url":"https:\/\/mto.org\/wp-content\/uploads\/2023\/03\/MTO_LOGO_Header.png","contentUrl":"https:\/\/mto.org\/wp-content\/uploads\/2023\/03\/MTO_LOGO_Header.png","width":200,"height":200,"caption":"MTO Shahmaghsoudi"},"image":{"@id":"https:\/\/mto.org\/#\/schema\/logo\/image\/"},"sameAs":["https:\/\/www.facebook.com\/mtoshahmaghsoudi","https:\/\/x.com\/mtoshahmaghsoud","https:\/\/www.instagram.com\/mtoshahmaghsoudi\/"]},{"@type":"Person","@id":"https:\/\/mto.org\/#\/schema\/person\/2f49f86784b3747b47bb554ffd56a975","name":"MTO Redaktion","image":{"@type":"ImageObject","inLanguage":"de","@id":"https:\/\/mto.org\/#\/schema\/person\/image\/","url":"https:\/\/secure.gravatar.com\/avatar\/7e3905dd13630f67e3a9ef24bace6be2b009b8f4cb66d44bb6d9580bf3708868?s=96&d=mm&r=g","contentUrl":"https:\/\/secure.gravatar.com\/avatar\/7e3905dd13630f67e3a9ef24bace6be2b009b8f4cb66d44bb6d9580bf3708868?s=96&d=mm&r=g","caption":"MTO Redaktion"},"url":"https:\/\/mto.org\/de\/author\/mto-redaktion\/"}]}},"_links":{"self":[{"href":"https:\/\/mto.org\/de\/wp-json\/wp\/v2\/posts\/3466","targetHints":{"allow":["GET"]}}],"collection":[{"href":"https:\/\/mto.org\/de\/wp-json\/wp\/v2\/posts"}],"about":[{"href":"https:\/\/mto.org\/de\/wp-json\/wp\/v2\/types\/post"}],"author":[{"embeddable":true,"href":"https:\/\/mto.org\/de\/wp-json\/wp\/v2\/users\/2"}],"replies":[{"embeddable":true,"href":"https:\/\/mto.org\/de\/wp-json\/wp\/v2\/comments?post=3466"}],"version-history":[{"count":1,"href":"https:\/\/mto.org\/de\/wp-json\/wp\/v2\/posts\/3466\/revisions"}],"predecessor-version":[{"id":6404,"href":"https:\/\/mto.org\/de\/wp-json\/wp\/v2\/posts\/3466\/revisions\/6404"}],"wp:featuredmedia":[{"embeddable":true,"href":"https:\/\/mto.org\/de\/wp-json\/wp\/v2\/media\/3469"}],"wp:attachment":[{"href":"https:\/\/mto.org\/de\/wp-json\/wp\/v2\/media?parent=3466"}],"wp:term":[{"taxonomy":"category","embeddable":true,"href":"https:\/\/mto.org\/de\/wp-json\/wp\/v2\/categories?post=3466"},{"taxonomy":"post_tag","embeddable":true,"href":"https:\/\/mto.org\/de\/wp-json\/wp\/v2\/tags?post=3466"},{"taxonomy":"post_series","embeddable":true,"href":"https:\/\/mto.org\/de\/wp-json\/wp\/v2\/post_series?post=3466"}],"curies":[{"name":"wp","href":"https:\/\/api.w.org\/{rel}","templated":true}]}}