{"id":2808,"date":"2020-08-24T21:24:24","date_gmt":"2020-08-24T21:24:24","guid":{"rendered":"https:\/\/germany.mto.org\/?p=2808"},"modified":"2023-02-07T15:09:05","modified_gmt":"2023-02-07T14:09:05","slug":"sufis-feiern-eid-al-adha-mit-einer-globalen-spendenaktion","status":"publish","type":"post","link":"https:\/\/mto.org\/de\/sufis-feiern-eid-al-adha-mit-einer-globalen-spendenaktion\/","title":{"rendered":"Sufis feiern Eid al-Adha mit einer globalen Spendenaktion"},"content":{"rendered":"<p>Am 31. Juli 2020 f\u00fchrten ehrenamtliche HelferInnen der M.T.O. Shahmaghsoudi\u00ae eine weltweite Spendenaktion anl\u00e4sslich des muslimischen Festes Eid Al Adha durch. Diese Initiative fand unter dem Motto statt, Kinder und Jugendliche zu unterst\u00fctzen, da sie besonders von der aktuellen Corona-Pandemie und den daraus resultierenden Folgen betroffen sind.<\/p>\n<p>Dieses f\u00fcr Muslime so wichtige Fest f\u00e4llt in die Zeit der Pilgerfahrt nach Mekka oder wird oft im Kreis der Familie und Freunde verbracht. F\u00fcr viele Gl\u00e4ubige steht das Eid Al Adha aber auch ganz im Sinne der N\u00e4chstenliebe und Wohlt\u00e4tigkeit an die Gemeinde. Bedingt durch die Covid-19 Pandemie kann jedoch in diesem Jahr das Fest nicht wie gewohnt stattfinden. Daher haben ehrenamtliche HelferInnen in 35 St\u00e4dten auf der ganzen Welt in ihren St\u00e4dten dort unterst\u00fctzt, wo Kinder und Jugendliche besonders auf Hilfe angewiesen sind.<\/p>\n<p>Genauso unterschiedlich wie die einzelnen St\u00e4dte sind, so vielf\u00e4ltig waren auch die Aktionen, die daraus entstanden sind. Im Kern waren sie jedoch alle gleich, denn allen freiwilligen HelferInnen war es wichtig, ihren Gemeinden und insbesondere der n\u00e4chsten Generation etwas zur\u00fcckzugeben und zu zeigen, dass es gerade in schwierigen Zeiten wichtig ist, f\u00fcreinander da zu sein.<\/p>\n<p>So wurden in Deutschland in den St\u00e4dten K\u00f6ln, Bonn, D\u00fcsseldorf, Frankfurt, Hannover und Hamburg Lebensmittelspenden an bed\u00fcrftige Familien \u00fcbergeben, diverse dringend ben\u00f6tigte Schulmaterialien und selbst gen\u00e4hte Masken an Kinder- und Jugendhilfswerke und dem Jugendamt gespendet sowie Kinder einer Erstunterkunft f\u00fcr Gefl\u00fcchtete mit Sportschuhen und Sportartikeln ausgestattet.<\/p>\n<p>Wir m\u00f6chten uns noch einmal ganz herzlich bei den Institutionen bedanken, die uns die Gelegenheit gegeben haben, unsere Wohlt\u00e4tigkeitsarbeit fortzuf\u00fchren. Aber auch bei den einzelnen Politiker*innen der Hamburger B\u00fcrgerschaft Frau Mojadeddi und Herr Gwosdz von der Gr\u00fcnen Fraktion und Herr \u00d6nes von der SPD sowie der D\u00fcsseldorfer Gr\u00fcne Politiker, Herr Samy Charchira, bedanken wir uns, dass sie sich die Zeit genommen und uns vor Ort bei unseren Aktionen unterst\u00fctzt haben.<\/p>\n<p>Wir sind dankbar und gl\u00fccklich, an diesem Festtag einen kleinen Beitrag leisten zu k\u00f6nnen, um Liebe und Freude zu verbreiten. In diesem Sinne Eid mobarak!<\/p>\n","protected":false},"excerpt":{"rendered":"<p>Am 31. Juli 2020 f\u00fchrten ehrenamtliche HelferInnen der M.T.O. Shahmaghsoudi\u00ae eine weltweite Spendenaktion anl\u00e4sslich des muslimischen Festes Eid Al Adha durch. Diese Initiative fand unter dem Motto statt, Kinder und Jugendliche zu unterst\u00fctzen, da sie besonders von der aktuellen Corona-Pandemie&hellip;<\/p>\n","protected":false},"author":2,"featured_media":2643,"comment_status":"closed","ping_status":"open","sticky":false,"template":"","format":"standard","meta":{"_EventAllDay":false,"_EventTimezone":"","_EventStartDate":"","_EventEndDate":"","_EventStartDateUTC":"","_EventEndDateUTC":"","_EventShowMap":false,"_EventShowMapLink":false,"_EventURL":"","_EventCost":"","_EventCostDescription":"","_EventCurrencySymbol":"","_EventCurrencyCode":"","_EventCurrencyPosition":"","_EventDateTimeSeparator":"","_EventTimeRangeSeparator":"","_EventOrganizerID":[],"_EventVenueID":[],"_OrganizerEmail":"","_OrganizerPhone":"","_OrganizerWebsite":"","_VenueAddress":"","_VenueCity":"","_VenueCountry":"","_VenueProvince":"","_VenueState":"","_VenueZip":"","_VenuePhone":"","_VenueURL":"","_VenueStateProvince":"","_VenueLat":"","_VenueLng":"","_VenueShowMap":false,"_VenueShowMapLink":false,"footnotes":""},"categories":[73,31,61],"tags":[],"post_series":[],"class_list":["post-2808","post","type-post","status-publish","format-standard","has-post-thumbnail","hentry","category-community-support","category-comsupprort","category-bundesweit","entry","has-media"],"yoast_head":"<!-- This site is optimized with the Yoast SEO plugin v24.8.1 - https:\/\/yoast.com\/wordpress\/plugins\/seo\/ -->\n<title>Sufis feiern Eid al-Adha mit einer globalen Spendenaktion - MTO Shahmaghsoudi<\/title>\n<meta name=\"robots\" content=\"index, follow, max-snippet:-1, max-image-preview:large, max-video-preview:-1\" \/>\n<link rel=\"canonical\" href=\"https:\/\/mto.org\/de\/sufis-feiern-eid-al-adha-mit-einer-globalen-spendenaktion\/\" \/>\n<meta property=\"og:locale\" content=\"de_DE\" \/>\n<meta property=\"og:type\" content=\"article\" \/>\n<meta property=\"og:title\" content=\"Sufis feiern Eid al-Adha mit einer globalen Spendenaktion - MTO Shahmaghsoudi\" \/>\n<meta property=\"og:description\" content=\"Am 31. Juli 2020 f\u00fchrten ehrenamtliche HelferInnen der M.T.O. Shahmaghsoudi\u00ae eine weltweite Spendenaktion anl\u00e4sslich des muslimischen Festes Eid Al Adha durch. Diese Initiative fand unter dem Motto statt, Kinder und Jugendliche zu unterst\u00fctzen, da sie besonders von der aktuellen Corona-Pandemie&hellip;\" \/>\n<meta property=\"og:url\" content=\"https:\/\/mto.org\/de\/sufis-feiern-eid-al-adha-mit-einer-globalen-spendenaktion\/\" \/>\n<meta property=\"og:site_name\" content=\"MTO Shahmaghsoudi\" \/>\n<meta property=\"article:publisher\" content=\"https:\/\/www.facebook.com\/mtoshahmaghsoudi\" \/>\n<meta property=\"article:published_time\" content=\"2020-08-24T21:24:24+00:00\" \/>\n<meta property=\"article:modified_time\" content=\"2023-02-07T14:09:05+00:00\" \/>\n<meta property=\"og:image\" content=\"https:\/\/mto.org\/wp-content\/uploads\/2020\/08\/Charity-Eid-al-adha-July20_Hamburg-1-scaled-1.jpeg\" \/>\n\t<meta property=\"og:image:width\" content=\"2560\" \/>\n\t<meta property=\"og:image:height\" content=\"1920\" \/>\n\t<meta property=\"og:image:type\" content=\"image\/jpeg\" \/>\n<meta name=\"author\" content=\"MTO Redaktion\" \/>\n<meta name=\"twitter:card\" content=\"summary_large_image\" \/>\n<meta name=\"twitter:creator\" content=\"@mtoshahmaghsoud\" \/>\n<meta name=\"twitter:site\" content=\"@mtoshahmaghsoud\" \/>\n<meta name=\"twitter:label1\" content=\"Verfasst von\" \/>\n\t<meta name=\"twitter:data1\" content=\"MTO Redaktion\" \/>\n\t<meta name=\"twitter:label2\" content=\"Gesch\u00e4tzte Lesezeit\" \/>\n\t<meta name=\"twitter:data2\" content=\"2\u00a0Minuten\" \/>\n<script type=\"application\/ld+json\" class=\"yoast-schema-graph\">{\"@context\":\"https:\/\/schema.org\",\"@graph\":[{\"@type\":\"Article\",\"@id\":\"https:\/\/mto.org\/de\/sufis-feiern-eid-al-adha-mit-einer-globalen-spendenaktion\/#article\",\"isPartOf\":{\"@id\":\"https:\/\/mto.org\/de\/sufis-feiern-eid-al-adha-mit-einer-globalen-spendenaktion\/\"},\"author\":{\"name\":\"MTO Redaktion\",\"@id\":\"https:\/\/mto.org\/#\/schema\/person\/2f49f86784b3747b47bb554ffd56a975\"},\"headline\":\"Sufis feiern Eid al-Adha mit einer globalen Spendenaktion\",\"datePublished\":\"2020-08-24T21:24:24+00:00\",\"dateModified\":\"2023-02-07T14:09:05+00:00\",\"mainEntityOfPage\":{\"@id\":\"https:\/\/mto.org\/de\/sufis-feiern-eid-al-adha-mit-einer-globalen-spendenaktion\/\"},\"wordCount\":371,\"publisher\":{\"@id\":\"https:\/\/mto.org\/#organization\"},\"image\":{\"@id\":\"https:\/\/mto.org\/de\/sufis-feiern-eid-al-adha-mit-einer-globalen-spendenaktion\/#primaryimage\"},\"thumbnailUrl\":\"https:\/\/mto.org\/wp-content\/uploads\/2020\/08\/Charity-Eid-al-adha-July20_Hamburg-1-scaled-1.jpeg\",\"articleSection\":[\"Community Support\",\"Community Support\",\"Deutschlandweit\"],\"inLanguage\":\"de\"},{\"@type\":\"WebPage\",\"@id\":\"https:\/\/mto.org\/de\/sufis-feiern-eid-al-adha-mit-einer-globalen-spendenaktion\/\",\"url\":\"https:\/\/mto.org\/de\/sufis-feiern-eid-al-adha-mit-einer-globalen-spendenaktion\/\",\"name\":\"Sufis feiern Eid al-Adha mit einer globalen Spendenaktion - MTO Shahmaghsoudi\",\"isPartOf\":{\"@id\":\"https:\/\/mto.org\/#website\"},\"primaryImageOfPage\":{\"@id\":\"https:\/\/mto.org\/de\/sufis-feiern-eid-al-adha-mit-einer-globalen-spendenaktion\/#primaryimage\"},\"image\":{\"@id\":\"https:\/\/mto.org\/de\/sufis-feiern-eid-al-adha-mit-einer-globalen-spendenaktion\/#primaryimage\"},\"thumbnailUrl\":\"https:\/\/mto.org\/wp-content\/uploads\/2020\/08\/Charity-Eid-al-adha-July20_Hamburg-1-scaled-1.jpeg\",\"datePublished\":\"2020-08-24T21:24:24+00:00\",\"dateModified\":\"2023-02-07T14:09:05+00:00\",\"breadcrumb\":{\"@id\":\"https:\/\/mto.org\/de\/sufis-feiern-eid-al-adha-mit-einer-globalen-spendenaktion\/#breadcrumb\"},\"inLanguage\":\"de\",\"potentialAction\":[{\"@type\":\"ReadAction\",\"target\":[\"https:\/\/mto.org\/de\/sufis-feiern-eid-al-adha-mit-einer-globalen-spendenaktion\/\"]}]},{\"@type\":\"ImageObject\",\"inLanguage\":\"de\",\"@id\":\"https:\/\/mto.org\/de\/sufis-feiern-eid-al-adha-mit-einer-globalen-spendenaktion\/#primaryimage\",\"url\":\"https:\/\/mto.org\/wp-content\/uploads\/2020\/08\/Charity-Eid-al-adha-July20_Hamburg-1-scaled-1.jpeg\",\"contentUrl\":\"https:\/\/mto.org\/wp-content\/uploads\/2020\/08\/Charity-Eid-al-adha-July20_Hamburg-1-scaled-1.jpeg\",\"width\":2560,\"height\":1920},{\"@type\":\"BreadcrumbList\",\"@id\":\"https:\/\/mto.org\/de\/sufis-feiern-eid-al-adha-mit-einer-globalen-spendenaktion\/#breadcrumb\",\"itemListElement\":[{\"@type\":\"ListItem\",\"position\":1,\"name\":\"Home\",\"item\":\"https:\/\/mto.org\/de\/\"},{\"@type\":\"ListItem\",\"position\":2,\"name\":\"Sufis feiern Eid al-Adha mit einer globalen Spendenaktion\"}]},{\"@type\":\"WebSite\",\"@id\":\"https:\/\/mto.org\/#website\",\"url\":\"https:\/\/mto.org\/\",\"name\":\"MTO Shahmaghsoudi\",\"description\":\"School of Islamic Sufism\",\"publisher\":{\"@id\":\"https:\/\/mto.org\/#organization\"},\"potentialAction\":[{\"@type\":\"SearchAction\",\"target\":{\"@type\":\"EntryPoint\",\"urlTemplate\":\"https:\/\/mto.org\/?s={search_term_string}\"},\"query-input\":{\"@type\":\"PropertyValueSpecification\",\"valueRequired\":true,\"valueName\":\"search_term_string\"}}],\"inLanguage\":\"de\"},{\"@type\":\"Organization\",\"@id\":\"https:\/\/mto.org\/#organization\",\"name\":\"MTO Shahmaghsoudi\",\"url\":\"https:\/\/mto.org\/\",\"logo\":{\"@type\":\"ImageObject\",\"inLanguage\":\"de\",\"@id\":\"https:\/\/mto.org\/#\/schema\/logo\/image\/\",\"url\":\"https:\/\/mto.org\/wp-content\/uploads\/2023\/03\/MTO_LOGO_Header.png\",\"contentUrl\":\"https:\/\/mto.org\/wp-content\/uploads\/2023\/03\/MTO_LOGO_Header.png\",\"width\":200,\"height\":200,\"caption\":\"MTO Shahmaghsoudi\"},\"image\":{\"@id\":\"https:\/\/mto.org\/#\/schema\/logo\/image\/\"},\"sameAs\":[\"https:\/\/www.facebook.com\/mtoshahmaghsoudi\",\"https:\/\/x.com\/mtoshahmaghsoud\",\"https:\/\/www.instagram.com\/mtoshahmaghsoudi\/\"]},{\"@type\":\"Person\",\"@id\":\"https:\/\/mto.org\/#\/schema\/person\/2f49f86784b3747b47bb554ffd56a975\",\"name\":\"MTO Redaktion\",\"image\":{\"@type\":\"ImageObject\",\"inLanguage\":\"de\",\"@id\":\"https:\/\/mto.org\/#\/schema\/person\/image\/\",\"url\":\"https:\/\/secure.gravatar.com\/avatar\/7e3905dd13630f67e3a9ef24bace6be2b009b8f4cb66d44bb6d9580bf3708868?s=96&d=mm&r=g\",\"contentUrl\":\"https:\/\/secure.gravatar.com\/avatar\/7e3905dd13630f67e3a9ef24bace6be2b009b8f4cb66d44bb6d9580bf3708868?s=96&d=mm&r=g\",\"caption\":\"MTO Redaktion\"},\"url\":\"https:\/\/mto.org\/de\/author\/mto-redaktion\/\"}]}<\/script>\n<!-- \/ Yoast SEO plugin. -->","yoast_head_json":{"title":"Sufis feiern Eid al-Adha mit einer globalen Spendenaktion - MTO Shahmaghsoudi","robots":{"index":"index","follow":"follow","max-snippet":"max-snippet:-1","max-image-preview":"max-image-preview:large","max-video-preview":"max-video-preview:-1"},"canonical":"https:\/\/mto.org\/de\/sufis-feiern-eid-al-adha-mit-einer-globalen-spendenaktion\/","og_locale":"de_DE","og_type":"article","og_title":"Sufis feiern Eid al-Adha mit einer globalen Spendenaktion - MTO Shahmaghsoudi","og_description":"Am 31. Juli 2020 f\u00fchrten ehrenamtliche HelferInnen der M.T.O. Shahmaghsoudi\u00ae eine weltweite Spendenaktion anl\u00e4sslich des muslimischen Festes Eid Al Adha durch. Diese Initiative fand unter dem Motto statt, Kinder und Jugendliche zu unterst\u00fctzen, da sie besonders von der aktuellen Corona-Pandemie&hellip;","og_url":"https:\/\/mto.org\/de\/sufis-feiern-eid-al-adha-mit-einer-globalen-spendenaktion\/","og_site_name":"MTO Shahmaghsoudi","article_publisher":"https:\/\/www.facebook.com\/mtoshahmaghsoudi","article_published_time":"2020-08-24T21:24:24+00:00","article_modified_time":"2023-02-07T14:09:05+00:00","og_image":[{"width":2560,"height":1920,"url":"https:\/\/mto.org\/wp-content\/uploads\/2020\/08\/Charity-Eid-al-adha-July20_Hamburg-1-scaled-1.jpeg","type":"image\/jpeg"}],"author":"MTO Redaktion","twitter_card":"summary_large_image","twitter_creator":"@mtoshahmaghsoud","twitter_site":"@mtoshahmaghsoud","twitter_misc":{"Verfasst von":"MTO Redaktion","Gesch\u00e4tzte Lesezeit":"2\u00a0Minuten"},"schema":{"@context":"https:\/\/schema.org","@graph":[{"@type":"Article","@id":"https:\/\/mto.org\/de\/sufis-feiern-eid-al-adha-mit-einer-globalen-spendenaktion\/#article","isPartOf":{"@id":"https:\/\/mto.org\/de\/sufis-feiern-eid-al-adha-mit-einer-globalen-spendenaktion\/"},"author":{"name":"MTO Redaktion","@id":"https:\/\/mto.org\/#\/schema\/person\/2f49f86784b3747b47bb554ffd56a975"},"headline":"Sufis feiern Eid al-Adha mit einer globalen Spendenaktion","datePublished":"2020-08-24T21:24:24+00:00","dateModified":"2023-02-07T14:09:05+00:00","mainEntityOfPage":{"@id":"https:\/\/mto.org\/de\/sufis-feiern-eid-al-adha-mit-einer-globalen-spendenaktion\/"},"wordCount":371,"publisher":{"@id":"https:\/\/mto.org\/#organization"},"image":{"@id":"https:\/\/mto.org\/de\/sufis-feiern-eid-al-adha-mit-einer-globalen-spendenaktion\/#primaryimage"},"thumbnailUrl":"https:\/\/mto.org\/wp-content\/uploads\/2020\/08\/Charity-Eid-al-adha-July20_Hamburg-1-scaled-1.jpeg","articleSection":["Community Support","Community Support","Deutschlandweit"],"inLanguage":"de"},{"@type":"WebPage","@id":"https:\/\/mto.org\/de\/sufis-feiern-eid-al-adha-mit-einer-globalen-spendenaktion\/","url":"https:\/\/mto.org\/de\/sufis-feiern-eid-al-adha-mit-einer-globalen-spendenaktion\/","name":"Sufis feiern Eid al-Adha mit einer globalen Spendenaktion - MTO Shahmaghsoudi","isPartOf":{"@id":"https:\/\/mto.org\/#website"},"primaryImageOfPage":{"@id":"https:\/\/mto.org\/de\/sufis-feiern-eid-al-adha-mit-einer-globalen-spendenaktion\/#primaryimage"},"image":{"@id":"https:\/\/mto.org\/de\/sufis-feiern-eid-al-adha-mit-einer-globalen-spendenaktion\/#primaryimage"},"thumbnailUrl":"https:\/\/mto.org\/wp-content\/uploads\/2020\/08\/Charity-Eid-al-adha-July20_Hamburg-1-scaled-1.jpeg","datePublished":"2020-08-24T21:24:24+00:00","dateModified":"2023-02-07T14:09:05+00:00","breadcrumb":{"@id":"https:\/\/mto.org\/de\/sufis-feiern-eid-al-adha-mit-einer-globalen-spendenaktion\/#breadcrumb"},"inLanguage":"de","potentialAction":[{"@type":"ReadAction","target":["https:\/\/mto.org\/de\/sufis-feiern-eid-al-adha-mit-einer-globalen-spendenaktion\/"]}]},{"@type":"ImageObject","inLanguage":"de","@id":"https:\/\/mto.org\/de\/sufis-feiern-eid-al-adha-mit-einer-globalen-spendenaktion\/#primaryimage","url":"https:\/\/mto.org\/wp-content\/uploads\/2020\/08\/Charity-Eid-al-adha-July20_Hamburg-1-scaled-1.jpeg","contentUrl":"https:\/\/mto.org\/wp-content\/uploads\/2020\/08\/Charity-Eid-al-adha-July20_Hamburg-1-scaled-1.jpeg","width":2560,"height":1920},{"@type":"BreadcrumbList","@id":"https:\/\/mto.org\/de\/sufis-feiern-eid-al-adha-mit-einer-globalen-spendenaktion\/#breadcrumb","itemListElement":[{"@type":"ListItem","position":1,"name":"Home","item":"https:\/\/mto.org\/de\/"},{"@type":"ListItem","position":2,"name":"Sufis feiern Eid al-Adha mit einer globalen Spendenaktion"}]},{"@type":"WebSite","@id":"https:\/\/mto.org\/#website","url":"https:\/\/mto.org\/","name":"MTO Shahmaghsoudi","description":"School of Islamic Sufism","publisher":{"@id":"https:\/\/mto.org\/#organization"},"potentialAction":[{"@type":"SearchAction","target":{"@type":"EntryPoint","urlTemplate":"https:\/\/mto.org\/?s={search_term_string}"},"query-input":{"@type":"PropertyValueSpecification","valueRequired":true,"valueName":"search_term_string"}}],"inLanguage":"de"},{"@type":"Organization","@id":"https:\/\/mto.org\/#organization","name":"MTO Shahmaghsoudi","url":"https:\/\/mto.org\/","logo":{"@type":"ImageObject","inLanguage":"de","@id":"https:\/\/mto.org\/#\/schema\/logo\/image\/","url":"https:\/\/mto.org\/wp-content\/uploads\/2023\/03\/MTO_LOGO_Header.png","contentUrl":"https:\/\/mto.org\/wp-content\/uploads\/2023\/03\/MTO_LOGO_Header.png","width":200,"height":200,"caption":"MTO Shahmaghsoudi"},"image":{"@id":"https:\/\/mto.org\/#\/schema\/logo\/image\/"},"sameAs":["https:\/\/www.facebook.com\/mtoshahmaghsoudi","https:\/\/x.com\/mtoshahmaghsoud","https:\/\/www.instagram.com\/mtoshahmaghsoudi\/"]},{"@type":"Person","@id":"https:\/\/mto.org\/#\/schema\/person\/2f49f86784b3747b47bb554ffd56a975","name":"MTO Redaktion","image":{"@type":"ImageObject","inLanguage":"de","@id":"https:\/\/mto.org\/#\/schema\/person\/image\/","url":"https:\/\/secure.gravatar.com\/avatar\/7e3905dd13630f67e3a9ef24bace6be2b009b8f4cb66d44bb6d9580bf3708868?s=96&d=mm&r=g","contentUrl":"https:\/\/secure.gravatar.com\/avatar\/7e3905dd13630f67e3a9ef24bace6be2b009b8f4cb66d44bb6d9580bf3708868?s=96&d=mm&r=g","caption":"MTO Redaktion"},"url":"https:\/\/mto.org\/de\/author\/mto-redaktion\/"}]}},"_links":{"self":[{"href":"https:\/\/mto.org\/de\/wp-json\/wp\/v2\/posts\/2808","targetHints":{"allow":["GET"]}}],"collection":[{"href":"https:\/\/mto.org\/de\/wp-json\/wp\/v2\/posts"}],"about":[{"href":"https:\/\/mto.org\/de\/wp-json\/wp\/v2\/types\/post"}],"author":[{"embeddable":true,"href":"https:\/\/mto.org\/de\/wp-json\/wp\/v2\/users\/2"}],"replies":[{"embeddable":true,"href":"https:\/\/mto.org\/de\/wp-json\/wp\/v2\/comments?post=2808"}],"version-history":[{"count":1,"href":"https:\/\/mto.org\/de\/wp-json\/wp\/v2\/posts\/2808\/revisions"}],"predecessor-version":[{"id":6434,"href":"https:\/\/mto.org\/de\/wp-json\/wp\/v2\/posts\/2808\/revisions\/6434"}],"wp:featuredmedia":[{"embeddable":true,"href":"https:\/\/mto.org\/de\/wp-json\/wp\/v2\/media\/2643"}],"wp:attachment":[{"href":"https:\/\/mto.org\/de\/wp-json\/wp\/v2\/media?parent=2808"}],"wp:term":[{"taxonomy":"category","embeddable":true,"href":"https:\/\/mto.org\/de\/wp-json\/wp\/v2\/categories?post=2808"},{"taxonomy":"post_tag","embeddable":true,"href":"https:\/\/mto.org\/de\/wp-json\/wp\/v2\/tags?post=2808"},{"taxonomy":"post_series","embeddable":true,"href":"https:\/\/mto.org\/de\/wp-json\/wp\/v2\/post_series?post=2808"}],"curies":[{"name":"wp","href":"https:\/\/api.w.org\/{rel}","templated":true}]}}