{"id":2782,"date":"2020-08-24T21:11:05","date_gmt":"2020-08-24T21:11:05","guid":{"rendered":"https:\/\/germany.mto.org\/?p=2782"},"modified":"2023-02-07T16:07:34","modified_gmt":"2023-02-07T15:07:34","slug":"treffen-mit-dem-bundesabgeordneten-omid-nouripour","status":"publish","type":"post","link":"https:\/\/mto.org\/de\/treffen-mit-dem-bundesabgeordneten-omid-nouripour\/","title":{"rendered":"Treffen mit dem Bundesabgeordneten Omid Nouripour"},"content":{"rendered":"<div dir=\"ltr\">Heute trafen wir den Bundestagsabgeordneten Omid Nouripour @nouripour per Zoom. Humorvoll und nahbar nahm sich Herr Nouripour Zeit, um mit uns \u00fcber den Sufismus zu sprechen, \u00fcber unsere Gemeinde MTO Shahmaghsoudi und unsere Aktivit\u00e4ten in Deutschland.<\/div>\n<div dir=\"ltr\"><\/div>\n<div dir=\"ltr\">Wir stellten unsere bundesweiten Spendenaktionen vor, tauschten uns \u00fcber den Alltag als Muslime in Deutschland aus und was der Sufismus zum gesellschaftlichen Fortschritt in Deutschland beitragen kann.<\/div>\n<div dir=\"ltr\">Danke f\u00fcr den tollen Austausch! Wir freuen uns auf die n\u00e4chsten Gespr\u00e4che und Projekte.<\/div>\n<div dir=\"ltr\"><\/div>\n","protected":false},"excerpt":{"rendered":"<p>Heute trafen wir den Bundestagsabgeordneten Omid Nouripour @nouripour per Zoom. Humorvoll und nahbar nahm sich Herr Nouripour Zeit, um mit uns \u00fcber den Sufismus zu sprechen, \u00fcber unsere Gemeinde MTO Shahmaghsoudi und unsere Aktivit\u00e4ten in Deutschland. Wir stellten unsere bundesweiten&hellip;<\/p>\n","protected":false},"author":2,"featured_media":2806,"comment_status":"closed","ping_status":"open","sticky":false,"template":"","format":"standard","meta":{"_EventAllDay":false,"_EventTimezone":"","_EventStartDate":"","_EventEndDate":"","_EventStartDateUTC":"","_EventEndDateUTC":"","_EventShowMap":false,"_EventShowMapLink":false,"_EventURL":"","_EventCost":"","_EventCostDescription":"","_EventCurrencySymbol":"","_EventCurrencyCode":"","_EventCurrencyPosition":"","_EventDateTimeSeparator":"","_EventTimeRangeSeparator":"","_EventOrganizerID":[],"_EventVenueID":[],"_OrganizerEmail":"","_OrganizerPhone":"","_OrganizerWebsite":"","_VenueAddress":"","_VenueCity":"","_VenueCountry":"","_VenueProvince":"","_VenueState":"","_VenueZip":"","_VenuePhone":"","_VenueURL":"","_VenueStateProvince":"","_VenueLat":"","_VenueLng":"","_VenueShowMap":false,"_VenueShowMapLink":false,"footnotes":""},"categories":[39,75],"tags":[],"post_series":[],"class_list":["post-2782","post","type-post","status-publish","format-standard","has-post-thumbnail","hentry","category-frankfurt","category-dialog","entry","has-media"],"yoast_head":"<!-- This site is optimized with the Yoast SEO plugin v24.8.1 - https:\/\/yoast.com\/wordpress\/plugins\/seo\/ -->\n<title>Treffen mit dem Bundesabgeordneten Omid Nouripour - MTO Shahmaghsoudi<\/title>\n<meta name=\"robots\" content=\"index, follow, max-snippet:-1, max-image-preview:large, max-video-preview:-1\" \/>\n<link rel=\"canonical\" href=\"https:\/\/mto.org\/de\/treffen-mit-dem-bundesabgeordneten-omid-nouripour\/\" \/>\n<meta property=\"og:locale\" content=\"de_DE\" \/>\n<meta property=\"og:type\" content=\"article\" \/>\n<meta property=\"og:title\" content=\"Treffen mit dem Bundesabgeordneten Omid Nouripour - MTO Shahmaghsoudi\" \/>\n<meta property=\"og:description\" content=\"Heute trafen wir den Bundestagsabgeordneten Omid Nouripour @nouripour per Zoom. Humorvoll und nahbar nahm sich Herr Nouripour Zeit, um mit uns \u00fcber den Sufismus zu sprechen, \u00fcber unsere Gemeinde MTO Shahmaghsoudi und unsere Aktivit\u00e4ten in Deutschland. Wir stellten unsere bundesweiten&hellip;\" \/>\n<meta property=\"og:url\" content=\"https:\/\/mto.org\/de\/treffen-mit-dem-bundesabgeordneten-omid-nouripour\/\" \/>\n<meta property=\"og:site_name\" content=\"MTO Shahmaghsoudi\" \/>\n<meta property=\"article:publisher\" content=\"https:\/\/www.facebook.com\/mtoshahmaghsoudi\" \/>\n<meta property=\"article:published_time\" content=\"2020-08-24T21:11:05+00:00\" \/>\n<meta property=\"article:modified_time\" content=\"2023-02-07T15:07:34+00:00\" \/>\n<meta property=\"og:image\" content=\"https:\/\/mto.org\/wp-content\/uploads\/2020\/08\/nouripour_meeting_1-1.jpg\" \/>\n\t<meta property=\"og:image:width\" content=\"1561\" \/>\n\t<meta property=\"og:image:height\" content=\"850\" \/>\n\t<meta property=\"og:image:type\" content=\"image\/jpeg\" \/>\n<meta name=\"author\" content=\"MTO Redaktion\" \/>\n<meta name=\"twitter:card\" content=\"summary_large_image\" \/>\n<meta name=\"twitter:creator\" content=\"@mtoshahmaghsoud\" \/>\n<meta name=\"twitter:site\" content=\"@mtoshahmaghsoud\" \/>\n<meta name=\"twitter:label1\" content=\"Verfasst von\" \/>\n\t<meta name=\"twitter:data1\" content=\"MTO Redaktion\" \/>\n<script type=\"application\/ld+json\" class=\"yoast-schema-graph\">{\"@context\":\"https:\/\/schema.org\",\"@graph\":[{\"@type\":\"Article\",\"@id\":\"https:\/\/mto.org\/de\/treffen-mit-dem-bundesabgeordneten-omid-nouripour\/#article\",\"isPartOf\":{\"@id\":\"https:\/\/mto.org\/de\/treffen-mit-dem-bundesabgeordneten-omid-nouripour\/\"},\"author\":{\"name\":\"MTO Redaktion\",\"@id\":\"https:\/\/mto.org\/#\/schema\/person\/2f49f86784b3747b47bb554ffd56a975\"},\"headline\":\"Treffen mit dem Bundesabgeordneten Omid Nouripour\",\"datePublished\":\"2020-08-24T21:11:05+00:00\",\"dateModified\":\"2023-02-07T15:07:34+00:00\",\"mainEntityOfPage\":{\"@id\":\"https:\/\/mto.org\/de\/treffen-mit-dem-bundesabgeordneten-omid-nouripour\/\"},\"wordCount\":87,\"publisher\":{\"@id\":\"https:\/\/mto.org\/#organization\"},\"image\":{\"@id\":\"https:\/\/mto.org\/de\/treffen-mit-dem-bundesabgeordneten-omid-nouripour\/#primaryimage\"},\"thumbnailUrl\":\"https:\/\/mto.org\/wp-content\/uploads\/2020\/08\/nouripour_meeting_1-1.jpg\",\"articleSection\":[\"Frankfurt\",\"Interreligi\u00f6ser Dialog\"],\"inLanguage\":\"de\"},{\"@type\":\"WebPage\",\"@id\":\"https:\/\/mto.org\/de\/treffen-mit-dem-bundesabgeordneten-omid-nouripour\/\",\"url\":\"https:\/\/mto.org\/de\/treffen-mit-dem-bundesabgeordneten-omid-nouripour\/\",\"name\":\"Treffen mit dem Bundesabgeordneten Omid Nouripour - MTO Shahmaghsoudi\",\"isPartOf\":{\"@id\":\"https:\/\/mto.org\/#website\"},\"primaryImageOfPage\":{\"@id\":\"https:\/\/mto.org\/de\/treffen-mit-dem-bundesabgeordneten-omid-nouripour\/#primaryimage\"},\"image\":{\"@id\":\"https:\/\/mto.org\/de\/treffen-mit-dem-bundesabgeordneten-omid-nouripour\/#primaryimage\"},\"thumbnailUrl\":\"https:\/\/mto.org\/wp-content\/uploads\/2020\/08\/nouripour_meeting_1-1.jpg\",\"datePublished\":\"2020-08-24T21:11:05+00:00\",\"dateModified\":\"2023-02-07T15:07:34+00:00\",\"breadcrumb\":{\"@id\":\"https:\/\/mto.org\/de\/treffen-mit-dem-bundesabgeordneten-omid-nouripour\/#breadcrumb\"},\"inLanguage\":\"de\",\"potentialAction\":[{\"@type\":\"ReadAction\",\"target\":[\"https:\/\/mto.org\/de\/treffen-mit-dem-bundesabgeordneten-omid-nouripour\/\"]}]},{\"@type\":\"ImageObject\",\"inLanguage\":\"de\",\"@id\":\"https:\/\/mto.org\/de\/treffen-mit-dem-bundesabgeordneten-omid-nouripour\/#primaryimage\",\"url\":\"https:\/\/mto.org\/wp-content\/uploads\/2020\/08\/nouripour_meeting_1-1.jpg\",\"contentUrl\":\"https:\/\/mto.org\/wp-content\/uploads\/2020\/08\/nouripour_meeting_1-1.jpg\",\"width\":1561,\"height\":850},{\"@type\":\"BreadcrumbList\",\"@id\":\"https:\/\/mto.org\/de\/treffen-mit-dem-bundesabgeordneten-omid-nouripour\/#breadcrumb\",\"itemListElement\":[{\"@type\":\"ListItem\",\"position\":1,\"name\":\"Home\",\"item\":\"https:\/\/mto.org\/de\/\"},{\"@type\":\"ListItem\",\"position\":2,\"name\":\"Treffen mit dem Bundesabgeordneten Omid Nouripour\"}]},{\"@type\":\"WebSite\",\"@id\":\"https:\/\/mto.org\/#website\",\"url\":\"https:\/\/mto.org\/\",\"name\":\"MTO Shahmaghsoudi\",\"description\":\"School of Islamic Sufism\",\"publisher\":{\"@id\":\"https:\/\/mto.org\/#organization\"},\"potentialAction\":[{\"@type\":\"SearchAction\",\"target\":{\"@type\":\"EntryPoint\",\"urlTemplate\":\"https:\/\/mto.org\/?s={search_term_string}\"},\"query-input\":{\"@type\":\"PropertyValueSpecification\",\"valueRequired\":true,\"valueName\":\"search_term_string\"}}],\"inLanguage\":\"de\"},{\"@type\":\"Organization\",\"@id\":\"https:\/\/mto.org\/#organization\",\"name\":\"MTO Shahmaghsoudi\",\"url\":\"https:\/\/mto.org\/\",\"logo\":{\"@type\":\"ImageObject\",\"inLanguage\":\"de\",\"@id\":\"https:\/\/mto.org\/#\/schema\/logo\/image\/\",\"url\":\"https:\/\/mto.org\/wp-content\/uploads\/2023\/03\/MTO_LOGO_Header.png\",\"contentUrl\":\"https:\/\/mto.org\/wp-content\/uploads\/2023\/03\/MTO_LOGO_Header.png\",\"width\":200,\"height\":200,\"caption\":\"MTO Shahmaghsoudi\"},\"image\":{\"@id\":\"https:\/\/mto.org\/#\/schema\/logo\/image\/\"},\"sameAs\":[\"https:\/\/www.facebook.com\/mtoshahmaghsoudi\",\"https:\/\/x.com\/mtoshahmaghsoud\",\"https:\/\/www.instagram.com\/mtoshahmaghsoudi\/\"]},{\"@type\":\"Person\",\"@id\":\"https:\/\/mto.org\/#\/schema\/person\/2f49f86784b3747b47bb554ffd56a975\",\"name\":\"MTO Redaktion\",\"image\":{\"@type\":\"ImageObject\",\"inLanguage\":\"de\",\"@id\":\"https:\/\/mto.org\/#\/schema\/person\/image\/\",\"url\":\"https:\/\/secure.gravatar.com\/avatar\/7e3905dd13630f67e3a9ef24bace6be2b009b8f4cb66d44bb6d9580bf3708868?s=96&d=mm&r=g\",\"contentUrl\":\"https:\/\/secure.gravatar.com\/avatar\/7e3905dd13630f67e3a9ef24bace6be2b009b8f4cb66d44bb6d9580bf3708868?s=96&d=mm&r=g\",\"caption\":\"MTO Redaktion\"},\"url\":\"https:\/\/mto.org\/de\/author\/mto-redaktion\/\"}]}<\/script>\n<!-- \/ Yoast SEO plugin. -->","yoast_head_json":{"title":"Treffen mit dem Bundesabgeordneten Omid Nouripour - MTO Shahmaghsoudi","robots":{"index":"index","follow":"follow","max-snippet":"max-snippet:-1","max-image-preview":"max-image-preview:large","max-video-preview":"max-video-preview:-1"},"canonical":"https:\/\/mto.org\/de\/treffen-mit-dem-bundesabgeordneten-omid-nouripour\/","og_locale":"de_DE","og_type":"article","og_title":"Treffen mit dem Bundesabgeordneten Omid Nouripour - MTO Shahmaghsoudi","og_description":"Heute trafen wir den Bundestagsabgeordneten Omid Nouripour @nouripour per Zoom. Humorvoll und nahbar nahm sich Herr Nouripour Zeit, um mit uns \u00fcber den Sufismus zu sprechen, \u00fcber unsere Gemeinde MTO Shahmaghsoudi und unsere Aktivit\u00e4ten in Deutschland. Wir stellten unsere bundesweiten&hellip;","og_url":"https:\/\/mto.org\/de\/treffen-mit-dem-bundesabgeordneten-omid-nouripour\/","og_site_name":"MTO Shahmaghsoudi","article_publisher":"https:\/\/www.facebook.com\/mtoshahmaghsoudi","article_published_time":"2020-08-24T21:11:05+00:00","article_modified_time":"2023-02-07T15:07:34+00:00","og_image":[{"width":1561,"height":850,"url":"https:\/\/mto.org\/wp-content\/uploads\/2020\/08\/nouripour_meeting_1-1.jpg","type":"image\/jpeg"}],"author":"MTO Redaktion","twitter_card":"summary_large_image","twitter_creator":"@mtoshahmaghsoud","twitter_site":"@mtoshahmaghsoud","twitter_misc":{"Verfasst von":"MTO Redaktion"},"schema":{"@context":"https:\/\/schema.org","@graph":[{"@type":"Article","@id":"https:\/\/mto.org\/de\/treffen-mit-dem-bundesabgeordneten-omid-nouripour\/#article","isPartOf":{"@id":"https:\/\/mto.org\/de\/treffen-mit-dem-bundesabgeordneten-omid-nouripour\/"},"author":{"name":"MTO Redaktion","@id":"https:\/\/mto.org\/#\/schema\/person\/2f49f86784b3747b47bb554ffd56a975"},"headline":"Treffen mit dem Bundesabgeordneten Omid Nouripour","datePublished":"2020-08-24T21:11:05+00:00","dateModified":"2023-02-07T15:07:34+00:00","mainEntityOfPage":{"@id":"https:\/\/mto.org\/de\/treffen-mit-dem-bundesabgeordneten-omid-nouripour\/"},"wordCount":87,"publisher":{"@id":"https:\/\/mto.org\/#organization"},"image":{"@id":"https:\/\/mto.org\/de\/treffen-mit-dem-bundesabgeordneten-omid-nouripour\/#primaryimage"},"thumbnailUrl":"https:\/\/mto.org\/wp-content\/uploads\/2020\/08\/nouripour_meeting_1-1.jpg","articleSection":["Frankfurt","Interreligi\u00f6ser Dialog"],"inLanguage":"de"},{"@type":"WebPage","@id":"https:\/\/mto.org\/de\/treffen-mit-dem-bundesabgeordneten-omid-nouripour\/","url":"https:\/\/mto.org\/de\/treffen-mit-dem-bundesabgeordneten-omid-nouripour\/","name":"Treffen mit dem Bundesabgeordneten Omid Nouripour - MTO Shahmaghsoudi","isPartOf":{"@id":"https:\/\/mto.org\/#website"},"primaryImageOfPage":{"@id":"https:\/\/mto.org\/de\/treffen-mit-dem-bundesabgeordneten-omid-nouripour\/#primaryimage"},"image":{"@id":"https:\/\/mto.org\/de\/treffen-mit-dem-bundesabgeordneten-omid-nouripour\/#primaryimage"},"thumbnailUrl":"https:\/\/mto.org\/wp-content\/uploads\/2020\/08\/nouripour_meeting_1-1.jpg","datePublished":"2020-08-24T21:11:05+00:00","dateModified":"2023-02-07T15:07:34+00:00","breadcrumb":{"@id":"https:\/\/mto.org\/de\/treffen-mit-dem-bundesabgeordneten-omid-nouripour\/#breadcrumb"},"inLanguage":"de","potentialAction":[{"@type":"ReadAction","target":["https:\/\/mto.org\/de\/treffen-mit-dem-bundesabgeordneten-omid-nouripour\/"]}]},{"@type":"ImageObject","inLanguage":"de","@id":"https:\/\/mto.org\/de\/treffen-mit-dem-bundesabgeordneten-omid-nouripour\/#primaryimage","url":"https:\/\/mto.org\/wp-content\/uploads\/2020\/08\/nouripour_meeting_1-1.jpg","contentUrl":"https:\/\/mto.org\/wp-content\/uploads\/2020\/08\/nouripour_meeting_1-1.jpg","width":1561,"height":850},{"@type":"BreadcrumbList","@id":"https:\/\/mto.org\/de\/treffen-mit-dem-bundesabgeordneten-omid-nouripour\/#breadcrumb","itemListElement":[{"@type":"ListItem","position":1,"name":"Home","item":"https:\/\/mto.org\/de\/"},{"@type":"ListItem","position":2,"name":"Treffen mit dem Bundesabgeordneten Omid Nouripour"}]},{"@type":"WebSite","@id":"https:\/\/mto.org\/#website","url":"https:\/\/mto.org\/","name":"MTO Shahmaghsoudi","description":"School of Islamic Sufism","publisher":{"@id":"https:\/\/mto.org\/#organization"},"potentialAction":[{"@type":"SearchAction","target":{"@type":"EntryPoint","urlTemplate":"https:\/\/mto.org\/?s={search_term_string}"},"query-input":{"@type":"PropertyValueSpecification","valueRequired":true,"valueName":"search_term_string"}}],"inLanguage":"de"},{"@type":"Organization","@id":"https:\/\/mto.org\/#organization","name":"MTO Shahmaghsoudi","url":"https:\/\/mto.org\/","logo":{"@type":"ImageObject","inLanguage":"de","@id":"https:\/\/mto.org\/#\/schema\/logo\/image\/","url":"https:\/\/mto.org\/wp-content\/uploads\/2023\/03\/MTO_LOGO_Header.png","contentUrl":"https:\/\/mto.org\/wp-content\/uploads\/2023\/03\/MTO_LOGO_Header.png","width":200,"height":200,"caption":"MTO Shahmaghsoudi"},"image":{"@id":"https:\/\/mto.org\/#\/schema\/logo\/image\/"},"sameAs":["https:\/\/www.facebook.com\/mtoshahmaghsoudi","https:\/\/x.com\/mtoshahmaghsoud","https:\/\/www.instagram.com\/mtoshahmaghsoudi\/"]},{"@type":"Person","@id":"https:\/\/mto.org\/#\/schema\/person\/2f49f86784b3747b47bb554ffd56a975","name":"MTO Redaktion","image":{"@type":"ImageObject","inLanguage":"de","@id":"https:\/\/mto.org\/#\/schema\/person\/image\/","url":"https:\/\/secure.gravatar.com\/avatar\/7e3905dd13630f67e3a9ef24bace6be2b009b8f4cb66d44bb6d9580bf3708868?s=96&d=mm&r=g","contentUrl":"https:\/\/secure.gravatar.com\/avatar\/7e3905dd13630f67e3a9ef24bace6be2b009b8f4cb66d44bb6d9580bf3708868?s=96&d=mm&r=g","caption":"MTO Redaktion"},"url":"https:\/\/mto.org\/de\/author\/mto-redaktion\/"}]}},"_links":{"self":[{"href":"https:\/\/mto.org\/de\/wp-json\/wp\/v2\/posts\/2782","targetHints":{"allow":["GET"]}}],"collection":[{"href":"https:\/\/mto.org\/de\/wp-json\/wp\/v2\/posts"}],"about":[{"href":"https:\/\/mto.org\/de\/wp-json\/wp\/v2\/types\/post"}],"author":[{"embeddable":true,"href":"https:\/\/mto.org\/de\/wp-json\/wp\/v2\/users\/2"}],"replies":[{"embeddable":true,"href":"https:\/\/mto.org\/de\/wp-json\/wp\/v2\/comments?post=2782"}],"version-history":[{"count":1,"href":"https:\/\/mto.org\/de\/wp-json\/wp\/v2\/posts\/2782\/revisions"}],"predecessor-version":[{"id":6518,"href":"https:\/\/mto.org\/de\/wp-json\/wp\/v2\/posts\/2782\/revisions\/6518"}],"wp:featuredmedia":[{"embeddable":true,"href":"https:\/\/mto.org\/de\/wp-json\/wp\/v2\/media\/2806"}],"wp:attachment":[{"href":"https:\/\/mto.org\/de\/wp-json\/wp\/v2\/media?parent=2782"}],"wp:term":[{"taxonomy":"category","embeddable":true,"href":"https:\/\/mto.org\/de\/wp-json\/wp\/v2\/categories?post=2782"},{"taxonomy":"post_tag","embeddable":true,"href":"https:\/\/mto.org\/de\/wp-json\/wp\/v2\/tags?post=2782"},{"taxonomy":"post_series","embeddable":true,"href":"https:\/\/mto.org\/de\/wp-json\/wp\/v2\/post_series?post=2782"}],"curies":[{"name":"wp","href":"https:\/\/api.w.org\/{rel}","templated":true}]}}