{"id":27517,"date":"2025-12-13T21:40:04","date_gmt":"2025-12-13T20:40:04","guid":{"rendered":"https:\/\/mto.org\/?p=27517"},"modified":"2025-12-21T21:40:57","modified_gmt":"2025-12-21T20:40:57","slug":"gemeinsame-weihnachtsbaeckerei-mit-der-arche-duesseldorf","status":"publish","type":"post","link":"https:\/\/mto.org\/de\/gemeinsame-weihnachtsbaeckerei-mit-der-arche-duesseldorf\/","title":{"rendered":"Gemeinsame Weihnachtsb\u00e4ckerei mit der Arche D\u00fcsseldorf"},"content":{"rendered":"\n<p>Auch in diesem Jahr haben wir von der MTO gemeinsam mit den Kindern der Arche D\u00fcsseldorf die Vorweihnachtszeit mit unserer traditionellen Weihnachtsb\u00e4ckerei gestartet.<\/p>\n\n\n\n<p>Dieses Ritual geh\u00f6rt seit vielen Jahren dazu und wir freuen uns jedes Mal ganz besonders darauf. Es ist sch\u00f6n zu sehen, wie Kinder aus ganz unterschiedlichen Kulturen gemeinsam backen, lachen und einfach eine gute Zeit haben. Dieses Jahr waren es sogar 45 Kinder, mit denen wir Teig ausgerollt und Pl\u00e4tzchen gebacken haben und nat\u00fcrlich wurden die Pl\u00e4tzchen wieder liebevoll mit Zuckerperlen verziert.<br>Dabei entstehen jedes Mal sch\u00f6ne Momente, an die sich alle gern erinnern.<\/p>\n\n\n\n<p>Wir sind dankbar, den Kindern diese Erlebnisse schenken zu d\u00fcrfen, und freuen uns schon jetzt auf weitere Aktionen im neuen Jahr.<\/p>\n\n\n\n<p>Ein gro\u00dfes Dankesch\u00f6n an das wunderbare Team der Arche!<\/p>\n\n\n\n<figure class=\"wp-block-gallery has-nested-images columns-default is-cropped wp-block-gallery-1 is-layout-flex wp-block-gallery-is-layout-flex\">\n<figure class=\"wp-block-image size-large\"><img loading=\"lazy\" decoding=\"async\" width=\"1024\" height=\"1024\" data-id=\"27548\" src=\"https:\/\/mto.org\/wp-content\/uploads\/2025\/12\/Gemeinsame-Weihnachtsbaeckerei-mit-der-Arche-Duesseldorf-2025-5-1024x1024.jpeg\" alt=\"\" class=\"wp-image-27548\" srcset=\"https:\/\/mto.org\/wp-content\/uploads\/2025\/12\/Gemeinsame-Weihnachtsbaeckerei-mit-der-Arche-Duesseldorf-2025-5-1024x1024.jpeg 1024w, https:\/\/mto.org\/wp-content\/uploads\/2025\/12\/Gemeinsame-Weihnachtsbaeckerei-mit-der-Arche-Duesseldorf-2025-5-300x300.jpeg 300w, https:\/\/mto.org\/wp-content\/uploads\/2025\/12\/Gemeinsame-Weihnachtsbaeckerei-mit-der-Arche-Duesseldorf-2025-5-150x150.jpeg 150w, https:\/\/mto.org\/wp-content\/uploads\/2025\/12\/Gemeinsame-Weihnachtsbaeckerei-mit-der-Arche-Duesseldorf-2025-5-768x768.jpeg 768w, https:\/\/mto.org\/wp-content\/uploads\/2025\/12\/Gemeinsame-Weihnachtsbaeckerei-mit-der-Arche-Duesseldorf-2025-5-1536x1536.jpeg 1536w, https:\/\/mto.org\/wp-content\/uploads\/2025\/12\/Gemeinsame-Weihnachtsbaeckerei-mit-der-Arche-Duesseldorf-2025-5-1320x1320.jpeg 1320w, https:\/\/mto.org\/wp-content\/uploads\/2025\/12\/Gemeinsame-Weihnachtsbaeckerei-mit-der-Arche-Duesseldorf-2025-5.jpeg 2048w\" sizes=\"auto, (max-width: 1024px) 100vw, 1024px\" \/><\/figure>\n\n\n\n<figure class=\"wp-block-image size-large\"><img loading=\"lazy\" decoding=\"async\" width=\"1024\" height=\"1024\" data-id=\"27542\" src=\"https:\/\/mto.org\/wp-content\/uploads\/2025\/12\/Gemeinsame-Weihnachtsbaeckerei-mit-der-Arche-Duesseldorf-2025-4-1024x1024.jpeg\" alt=\"\" class=\"wp-image-27542\" srcset=\"https:\/\/mto.org\/wp-content\/uploads\/2025\/12\/Gemeinsame-Weihnachtsbaeckerei-mit-der-Arche-Duesseldorf-2025-4-1024x1024.jpeg 1024w, https:\/\/mto.org\/wp-content\/uploads\/2025\/12\/Gemeinsame-Weihnachtsbaeckerei-mit-der-Arche-Duesseldorf-2025-4-300x300.jpeg 300w, https:\/\/mto.org\/wp-content\/uploads\/2025\/12\/Gemeinsame-Weihnachtsbaeckerei-mit-der-Arche-Duesseldorf-2025-4-150x150.jpeg 150w, https:\/\/mto.org\/wp-content\/uploads\/2025\/12\/Gemeinsame-Weihnachtsbaeckerei-mit-der-Arche-Duesseldorf-2025-4-768x768.jpeg 768w, https:\/\/mto.org\/wp-content\/uploads\/2025\/12\/Gemeinsame-Weihnachtsbaeckerei-mit-der-Arche-Duesseldorf-2025-4-1536x1536.jpeg 1536w, https:\/\/mto.org\/wp-content\/uploads\/2025\/12\/Gemeinsame-Weihnachtsbaeckerei-mit-der-Arche-Duesseldorf-2025-4-1320x1320.jpeg 1320w, https:\/\/mto.org\/wp-content\/uploads\/2025\/12\/Gemeinsame-Weihnachtsbaeckerei-mit-der-Arche-Duesseldorf-2025-4.jpeg 2048w\" sizes=\"auto, (max-width: 1024px) 100vw, 1024px\" \/><\/figure>\n\n\n\n<figure class=\"wp-block-image size-large\"><img loading=\"lazy\" decoding=\"async\" width=\"1024\" height=\"1024\" data-id=\"27536\" src=\"https:\/\/mto.org\/wp-content\/uploads\/2025\/12\/Gemeinsame-Weihnachtsbaeckerei-mit-der-Arche-Duesseldorf-2025-3-1024x1024.jpeg\" alt=\"\" class=\"wp-image-27536\" srcset=\"https:\/\/mto.org\/wp-content\/uploads\/2025\/12\/Gemeinsame-Weihnachtsbaeckerei-mit-der-Arche-Duesseldorf-2025-3-1024x1024.jpeg 1024w, https:\/\/mto.org\/wp-content\/uploads\/2025\/12\/Gemeinsame-Weihnachtsbaeckerei-mit-der-Arche-Duesseldorf-2025-3-300x300.jpeg 300w, https:\/\/mto.org\/wp-content\/uploads\/2025\/12\/Gemeinsame-Weihnachtsbaeckerei-mit-der-Arche-Duesseldorf-2025-3-150x150.jpeg 150w, https:\/\/mto.org\/wp-content\/uploads\/2025\/12\/Gemeinsame-Weihnachtsbaeckerei-mit-der-Arche-Duesseldorf-2025-3-768x768.jpeg 768w, https:\/\/mto.org\/wp-content\/uploads\/2025\/12\/Gemeinsame-Weihnachtsbaeckerei-mit-der-Arche-Duesseldorf-2025-3-1536x1536.jpeg 1536w, https:\/\/mto.org\/wp-content\/uploads\/2025\/12\/Gemeinsame-Weihnachtsbaeckerei-mit-der-Arche-Duesseldorf-2025-3-2048x2048.jpeg 2048w, https:\/\/mto.org\/wp-content\/uploads\/2025\/12\/Gemeinsame-Weihnachtsbaeckerei-mit-der-Arche-Duesseldorf-2025-3-1320x1320.jpeg 1320w\" sizes=\"auto, (max-width: 1024px) 100vw, 1024px\" \/><\/figure>\n<\/figure>\n","protected":false},"excerpt":{"rendered":"<p>Auch in diesem Jahr haben wir von der MTO gemeinsam mit den Kindern der Arche D\u00fcsseldorf die Vorweihnachtszeit mit unserer traditionellen Weihnachtsb\u00e4ckerei gestartet. Dieses Ritual geh\u00f6rt seit vielen Jahren dazu und wir freuen uns jedes Mal ganz besonders darauf. Es&hellip;<\/p>\n","protected":false},"author":2,"featured_media":27518,"comment_status":"open","ping_status":"open","sticky":false,"template":"","format":"standard","meta":{"_EventAllDay":false,"_EventTimezone":"","_EventStartDate":"","_EventEndDate":"","_EventStartDateUTC":"","_EventEndDateUTC":"","_EventShowMap":false,"_EventShowMapLink":false,"_EventURL":"","_EventCost":"","_EventCostDescription":"","_EventCurrencySymbol":"","_EventCurrencyCode":"","_EventCurrencyPosition":"","_EventDateTimeSeparator":"","_EventTimeRangeSeparator":"","_EventOrganizerID":[],"_EventVenueID":[],"_OrganizerEmail":"","_OrganizerPhone":"","_OrganizerWebsite":"","_VenueAddress":"","_VenueCity":"","_VenueCountry":"","_VenueProvince":"","_VenueState":"","_VenueZip":"","_VenuePhone":"","_VenueURL":"","_VenueStateProvince":"","_VenueLat":"","_VenueLng":"","_VenueShowMap":false,"_VenueShowMapLink":false,"footnotes":""},"categories":[73,42],"tags":[],"post_series":[],"class_list":["post-27517","post","type-post","status-publish","format-standard","has-post-thumbnail","hentry","category-community-support","category-duesseldorf","entry","has-media"],"yoast_head":"<!-- This site is optimized with the Yoast SEO plugin v24.8.1 - https:\/\/yoast.com\/wordpress\/plugins\/seo\/ -->\n<title>Gemeinsame Weihnachtsb\u00e4ckerei mit der Arche D\u00fcsseldorf - MTO Shahmaghsoudi<\/title>\n<meta name=\"robots\" content=\"index, follow, max-snippet:-1, max-image-preview:large, max-video-preview:-1\" \/>\n<link rel=\"canonical\" href=\"https:\/\/mto.org\/de\/gemeinsame-weihnachtsbaeckerei-mit-der-arche-duesseldorf\/\" \/>\n<meta property=\"og:locale\" content=\"de_DE\" \/>\n<meta property=\"og:type\" content=\"article\" \/>\n<meta property=\"og:title\" content=\"Gemeinsame Weihnachtsb\u00e4ckerei mit der Arche D\u00fcsseldorf - MTO Shahmaghsoudi\" \/>\n<meta property=\"og:description\" content=\"Auch in diesem Jahr haben wir von der MTO gemeinsam mit den Kindern der Arche D\u00fcsseldorf die Vorweihnachtszeit mit unserer traditionellen Weihnachtsb\u00e4ckerei gestartet. Dieses Ritual geh\u00f6rt seit vielen Jahren dazu und wir freuen uns jedes Mal ganz besonders darauf. Es&hellip;\" \/>\n<meta property=\"og:url\" content=\"https:\/\/mto.org\/de\/gemeinsame-weihnachtsbaeckerei-mit-der-arche-duesseldorf\/\" \/>\n<meta property=\"og:site_name\" content=\"MTO Shahmaghsoudi\" \/>\n<meta property=\"article:publisher\" content=\"https:\/\/www.facebook.com\/mtoshahmaghsoudi\" \/>\n<meta property=\"article:published_time\" content=\"2025-12-13T20:40:04+00:00\" \/>\n<meta property=\"article:modified_time\" content=\"2025-12-21T20:40:57+00:00\" \/>\n<meta property=\"og:image\" content=\"https:\/\/mto.org\/wp-content\/uploads\/2025\/12\/Gemeinsame-Weihnachtsbaeckerei-mit-der-Arche-Duesseldorf-2025-1.jpeg\" \/>\n\t<meta property=\"og:image:width\" content=\"1600\" \/>\n\t<meta property=\"og:image:height\" content=\"1600\" \/>\n\t<meta property=\"og:image:type\" content=\"image\/jpeg\" \/>\n<meta name=\"author\" content=\"MTO Redaktion\" \/>\n<meta name=\"twitter:card\" content=\"summary_large_image\" \/>\n<meta name=\"twitter:creator\" content=\"@mtoshahmaghsoud\" \/>\n<meta name=\"twitter:site\" content=\"@mtoshahmaghsoud\" \/>\n<meta name=\"twitter:label1\" content=\"Verfasst von\" \/>\n\t<meta name=\"twitter:data1\" content=\"MTO Redaktion\" \/>\n\t<meta name=\"twitter:label2\" content=\"Gesch\u00e4tzte Lesezeit\" \/>\n\t<meta name=\"twitter:data2\" content=\"2\u00a0Minuten\" \/>\n<script type=\"application\/ld+json\" class=\"yoast-schema-graph\">{\"@context\":\"https:\/\/schema.org\",\"@graph\":[{\"@type\":\"Article\",\"@id\":\"https:\/\/mto.org\/de\/gemeinsame-weihnachtsbaeckerei-mit-der-arche-duesseldorf\/#article\",\"isPartOf\":{\"@id\":\"https:\/\/mto.org\/de\/gemeinsame-weihnachtsbaeckerei-mit-der-arche-duesseldorf\/\"},\"author\":{\"name\":\"MTO Redaktion\",\"@id\":\"https:\/\/mto.org\/#\/schema\/person\/2f49f86784b3747b47bb554ffd56a975\"},\"headline\":\"Gemeinsame Weihnachtsb\u00e4ckerei mit der Arche D\u00fcsseldorf\",\"datePublished\":\"2025-12-13T20:40:04+00:00\",\"dateModified\":\"2025-12-21T20:40:57+00:00\",\"mainEntityOfPage\":{\"@id\":\"https:\/\/mto.org\/de\/gemeinsame-weihnachtsbaeckerei-mit-der-arche-duesseldorf\/\"},\"wordCount\":145,\"commentCount\":0,\"publisher\":{\"@id\":\"https:\/\/mto.org\/#organization\"},\"image\":{\"@id\":\"https:\/\/mto.org\/de\/gemeinsame-weihnachtsbaeckerei-mit-der-arche-duesseldorf\/#primaryimage\"},\"thumbnailUrl\":\"https:\/\/mto.org\/wp-content\/uploads\/2025\/12\/Gemeinsame-Weihnachtsbaeckerei-mit-der-Arche-Duesseldorf-2025-1.jpeg\",\"articleSection\":[\"Community Support\",\"D\u00fcsseldorf\"],\"inLanguage\":\"de\",\"potentialAction\":[{\"@type\":\"CommentAction\",\"name\":\"Comment\",\"target\":[\"https:\/\/mto.org\/de\/gemeinsame-weihnachtsbaeckerei-mit-der-arche-duesseldorf\/#respond\"]}]},{\"@type\":\"WebPage\",\"@id\":\"https:\/\/mto.org\/de\/gemeinsame-weihnachtsbaeckerei-mit-der-arche-duesseldorf\/\",\"url\":\"https:\/\/mto.org\/de\/gemeinsame-weihnachtsbaeckerei-mit-der-arche-duesseldorf\/\",\"name\":\"Gemeinsame Weihnachtsb\u00e4ckerei mit der Arche D\u00fcsseldorf - MTO Shahmaghsoudi\",\"isPartOf\":{\"@id\":\"https:\/\/mto.org\/#website\"},\"primaryImageOfPage\":{\"@id\":\"https:\/\/mto.org\/de\/gemeinsame-weihnachtsbaeckerei-mit-der-arche-duesseldorf\/#primaryimage\"},\"image\":{\"@id\":\"https:\/\/mto.org\/de\/gemeinsame-weihnachtsbaeckerei-mit-der-arche-duesseldorf\/#primaryimage\"},\"thumbnailUrl\":\"https:\/\/mto.org\/wp-content\/uploads\/2025\/12\/Gemeinsame-Weihnachtsbaeckerei-mit-der-Arche-Duesseldorf-2025-1.jpeg\",\"datePublished\":\"2025-12-13T20:40:04+00:00\",\"dateModified\":\"2025-12-21T20:40:57+00:00\",\"breadcrumb\":{\"@id\":\"https:\/\/mto.org\/de\/gemeinsame-weihnachtsbaeckerei-mit-der-arche-duesseldorf\/#breadcrumb\"},\"inLanguage\":\"de\",\"potentialAction\":[{\"@type\":\"ReadAction\",\"target\":[\"https:\/\/mto.org\/de\/gemeinsame-weihnachtsbaeckerei-mit-der-arche-duesseldorf\/\"]}]},{\"@type\":\"ImageObject\",\"inLanguage\":\"de\",\"@id\":\"https:\/\/mto.org\/de\/gemeinsame-weihnachtsbaeckerei-mit-der-arche-duesseldorf\/#primaryimage\",\"url\":\"https:\/\/mto.org\/wp-content\/uploads\/2025\/12\/Gemeinsame-Weihnachtsbaeckerei-mit-der-Arche-Duesseldorf-2025-1.jpeg\",\"contentUrl\":\"https:\/\/mto.org\/wp-content\/uploads\/2025\/12\/Gemeinsame-Weihnachtsbaeckerei-mit-der-Arche-Duesseldorf-2025-1.jpeg\",\"width\":1600,\"height\":1600},{\"@type\":\"BreadcrumbList\",\"@id\":\"https:\/\/mto.org\/de\/gemeinsame-weihnachtsbaeckerei-mit-der-arche-duesseldorf\/#breadcrumb\",\"itemListElement\":[{\"@type\":\"ListItem\",\"position\":1,\"name\":\"Home\",\"item\":\"https:\/\/mto.org\/de\/\"},{\"@type\":\"ListItem\",\"position\":2,\"name\":\"Gemeinsame Weihnachtsb\u00e4ckerei mit der Arche D\u00fcsseldorf\"}]},{\"@type\":\"WebSite\",\"@id\":\"https:\/\/mto.org\/#website\",\"url\":\"https:\/\/mto.org\/\",\"name\":\"MTO Shahmaghsoudi\",\"description\":\"School of Islamic Sufism\",\"publisher\":{\"@id\":\"https:\/\/mto.org\/#organization\"},\"potentialAction\":[{\"@type\":\"SearchAction\",\"target\":{\"@type\":\"EntryPoint\",\"urlTemplate\":\"https:\/\/mto.org\/?s={search_term_string}\"},\"query-input\":{\"@type\":\"PropertyValueSpecification\",\"valueRequired\":true,\"valueName\":\"search_term_string\"}}],\"inLanguage\":\"de\"},{\"@type\":\"Organization\",\"@id\":\"https:\/\/mto.org\/#organization\",\"name\":\"MTO Shahmaghsoudi\",\"url\":\"https:\/\/mto.org\/\",\"logo\":{\"@type\":\"ImageObject\",\"inLanguage\":\"de\",\"@id\":\"https:\/\/mto.org\/#\/schema\/logo\/image\/\",\"url\":\"https:\/\/mto.org\/wp-content\/uploads\/2023\/03\/MTO_LOGO_Header.png\",\"contentUrl\":\"https:\/\/mto.org\/wp-content\/uploads\/2023\/03\/MTO_LOGO_Header.png\",\"width\":200,\"height\":200,\"caption\":\"MTO Shahmaghsoudi\"},\"image\":{\"@id\":\"https:\/\/mto.org\/#\/schema\/logo\/image\/\"},\"sameAs\":[\"https:\/\/www.facebook.com\/mtoshahmaghsoudi\",\"https:\/\/x.com\/mtoshahmaghsoud\",\"https:\/\/www.instagram.com\/mtoshahmaghsoudi\/\"]},{\"@type\":\"Person\",\"@id\":\"https:\/\/mto.org\/#\/schema\/person\/2f49f86784b3747b47bb554ffd56a975\",\"name\":\"MTO Redaktion\",\"image\":{\"@type\":\"ImageObject\",\"inLanguage\":\"de\",\"@id\":\"https:\/\/mto.org\/#\/schema\/person\/image\/\",\"url\":\"https:\/\/secure.gravatar.com\/avatar\/7e3905dd13630f67e3a9ef24bace6be2b009b8f4cb66d44bb6d9580bf3708868?s=96&d=mm&r=g\",\"contentUrl\":\"https:\/\/secure.gravatar.com\/avatar\/7e3905dd13630f67e3a9ef24bace6be2b009b8f4cb66d44bb6d9580bf3708868?s=96&d=mm&r=g\",\"caption\":\"MTO Redaktion\"},\"url\":\"https:\/\/mto.org\/de\/author\/mto-redaktion\/\"}]}<\/script>\n<!-- \/ Yoast SEO plugin. -->","yoast_head_json":{"title":"Gemeinsame Weihnachtsb\u00e4ckerei mit der Arche D\u00fcsseldorf - MTO Shahmaghsoudi","robots":{"index":"index","follow":"follow","max-snippet":"max-snippet:-1","max-image-preview":"max-image-preview:large","max-video-preview":"max-video-preview:-1"},"canonical":"https:\/\/mto.org\/de\/gemeinsame-weihnachtsbaeckerei-mit-der-arche-duesseldorf\/","og_locale":"de_DE","og_type":"article","og_title":"Gemeinsame Weihnachtsb\u00e4ckerei mit der Arche D\u00fcsseldorf - MTO Shahmaghsoudi","og_description":"Auch in diesem Jahr haben wir von der MTO gemeinsam mit den Kindern der Arche D\u00fcsseldorf die Vorweihnachtszeit mit unserer traditionellen Weihnachtsb\u00e4ckerei gestartet. Dieses Ritual geh\u00f6rt seit vielen Jahren dazu und wir freuen uns jedes Mal ganz besonders darauf. Es&hellip;","og_url":"https:\/\/mto.org\/de\/gemeinsame-weihnachtsbaeckerei-mit-der-arche-duesseldorf\/","og_site_name":"MTO Shahmaghsoudi","article_publisher":"https:\/\/www.facebook.com\/mtoshahmaghsoudi","article_published_time":"2025-12-13T20:40:04+00:00","article_modified_time":"2025-12-21T20:40:57+00:00","og_image":[{"width":1600,"height":1600,"url":"https:\/\/mto.org\/wp-content\/uploads\/2025\/12\/Gemeinsame-Weihnachtsbaeckerei-mit-der-Arche-Duesseldorf-2025-1.jpeg","type":"image\/jpeg"}],"author":"MTO Redaktion","twitter_card":"summary_large_image","twitter_creator":"@mtoshahmaghsoud","twitter_site":"@mtoshahmaghsoud","twitter_misc":{"Verfasst von":"MTO Redaktion","Gesch\u00e4tzte Lesezeit":"2\u00a0Minuten"},"schema":{"@context":"https:\/\/schema.org","@graph":[{"@type":"Article","@id":"https:\/\/mto.org\/de\/gemeinsame-weihnachtsbaeckerei-mit-der-arche-duesseldorf\/#article","isPartOf":{"@id":"https:\/\/mto.org\/de\/gemeinsame-weihnachtsbaeckerei-mit-der-arche-duesseldorf\/"},"author":{"name":"MTO Redaktion","@id":"https:\/\/mto.org\/#\/schema\/person\/2f49f86784b3747b47bb554ffd56a975"},"headline":"Gemeinsame Weihnachtsb\u00e4ckerei mit der Arche D\u00fcsseldorf","datePublished":"2025-12-13T20:40:04+00:00","dateModified":"2025-12-21T20:40:57+00:00","mainEntityOfPage":{"@id":"https:\/\/mto.org\/de\/gemeinsame-weihnachtsbaeckerei-mit-der-arche-duesseldorf\/"},"wordCount":145,"commentCount":0,"publisher":{"@id":"https:\/\/mto.org\/#organization"},"image":{"@id":"https:\/\/mto.org\/de\/gemeinsame-weihnachtsbaeckerei-mit-der-arche-duesseldorf\/#primaryimage"},"thumbnailUrl":"https:\/\/mto.org\/wp-content\/uploads\/2025\/12\/Gemeinsame-Weihnachtsbaeckerei-mit-der-Arche-Duesseldorf-2025-1.jpeg","articleSection":["Community Support","D\u00fcsseldorf"],"inLanguage":"de","potentialAction":[{"@type":"CommentAction","name":"Comment","target":["https:\/\/mto.org\/de\/gemeinsame-weihnachtsbaeckerei-mit-der-arche-duesseldorf\/#respond"]}]},{"@type":"WebPage","@id":"https:\/\/mto.org\/de\/gemeinsame-weihnachtsbaeckerei-mit-der-arche-duesseldorf\/","url":"https:\/\/mto.org\/de\/gemeinsame-weihnachtsbaeckerei-mit-der-arche-duesseldorf\/","name":"Gemeinsame Weihnachtsb\u00e4ckerei mit der Arche D\u00fcsseldorf - MTO Shahmaghsoudi","isPartOf":{"@id":"https:\/\/mto.org\/#website"},"primaryImageOfPage":{"@id":"https:\/\/mto.org\/de\/gemeinsame-weihnachtsbaeckerei-mit-der-arche-duesseldorf\/#primaryimage"},"image":{"@id":"https:\/\/mto.org\/de\/gemeinsame-weihnachtsbaeckerei-mit-der-arche-duesseldorf\/#primaryimage"},"thumbnailUrl":"https:\/\/mto.org\/wp-content\/uploads\/2025\/12\/Gemeinsame-Weihnachtsbaeckerei-mit-der-Arche-Duesseldorf-2025-1.jpeg","datePublished":"2025-12-13T20:40:04+00:00","dateModified":"2025-12-21T20:40:57+00:00","breadcrumb":{"@id":"https:\/\/mto.org\/de\/gemeinsame-weihnachtsbaeckerei-mit-der-arche-duesseldorf\/#breadcrumb"},"inLanguage":"de","potentialAction":[{"@type":"ReadAction","target":["https:\/\/mto.org\/de\/gemeinsame-weihnachtsbaeckerei-mit-der-arche-duesseldorf\/"]}]},{"@type":"ImageObject","inLanguage":"de","@id":"https:\/\/mto.org\/de\/gemeinsame-weihnachtsbaeckerei-mit-der-arche-duesseldorf\/#primaryimage","url":"https:\/\/mto.org\/wp-content\/uploads\/2025\/12\/Gemeinsame-Weihnachtsbaeckerei-mit-der-Arche-Duesseldorf-2025-1.jpeg","contentUrl":"https:\/\/mto.org\/wp-content\/uploads\/2025\/12\/Gemeinsame-Weihnachtsbaeckerei-mit-der-Arche-Duesseldorf-2025-1.jpeg","width":1600,"height":1600},{"@type":"BreadcrumbList","@id":"https:\/\/mto.org\/de\/gemeinsame-weihnachtsbaeckerei-mit-der-arche-duesseldorf\/#breadcrumb","itemListElement":[{"@type":"ListItem","position":1,"name":"Home","item":"https:\/\/mto.org\/de\/"},{"@type":"ListItem","position":2,"name":"Gemeinsame Weihnachtsb\u00e4ckerei mit der Arche D\u00fcsseldorf"}]},{"@type":"WebSite","@id":"https:\/\/mto.org\/#website","url":"https:\/\/mto.org\/","name":"MTO Shahmaghsoudi","description":"School of Islamic Sufism","publisher":{"@id":"https:\/\/mto.org\/#organization"},"potentialAction":[{"@type":"SearchAction","target":{"@type":"EntryPoint","urlTemplate":"https:\/\/mto.org\/?s={search_term_string}"},"query-input":{"@type":"PropertyValueSpecification","valueRequired":true,"valueName":"search_term_string"}}],"inLanguage":"de"},{"@type":"Organization","@id":"https:\/\/mto.org\/#organization","name":"MTO Shahmaghsoudi","url":"https:\/\/mto.org\/","logo":{"@type":"ImageObject","inLanguage":"de","@id":"https:\/\/mto.org\/#\/schema\/logo\/image\/","url":"https:\/\/mto.org\/wp-content\/uploads\/2023\/03\/MTO_LOGO_Header.png","contentUrl":"https:\/\/mto.org\/wp-content\/uploads\/2023\/03\/MTO_LOGO_Header.png","width":200,"height":200,"caption":"MTO Shahmaghsoudi"},"image":{"@id":"https:\/\/mto.org\/#\/schema\/logo\/image\/"},"sameAs":["https:\/\/www.facebook.com\/mtoshahmaghsoudi","https:\/\/x.com\/mtoshahmaghsoud","https:\/\/www.instagram.com\/mtoshahmaghsoudi\/"]},{"@type":"Person","@id":"https:\/\/mto.org\/#\/schema\/person\/2f49f86784b3747b47bb554ffd56a975","name":"MTO Redaktion","image":{"@type":"ImageObject","inLanguage":"de","@id":"https:\/\/mto.org\/#\/schema\/person\/image\/","url":"https:\/\/secure.gravatar.com\/avatar\/7e3905dd13630f67e3a9ef24bace6be2b009b8f4cb66d44bb6d9580bf3708868?s=96&d=mm&r=g","contentUrl":"https:\/\/secure.gravatar.com\/avatar\/7e3905dd13630f67e3a9ef24bace6be2b009b8f4cb66d44bb6d9580bf3708868?s=96&d=mm&r=g","caption":"MTO Redaktion"},"url":"https:\/\/mto.org\/de\/author\/mto-redaktion\/"}]}},"_links":{"self":[{"href":"https:\/\/mto.org\/de\/wp-json\/wp\/v2\/posts\/27517","targetHints":{"allow":["GET"]}}],"collection":[{"href":"https:\/\/mto.org\/de\/wp-json\/wp\/v2\/posts"}],"about":[{"href":"https:\/\/mto.org\/de\/wp-json\/wp\/v2\/types\/post"}],"author":[{"embeddable":true,"href":"https:\/\/mto.org\/de\/wp-json\/wp\/v2\/users\/2"}],"replies":[{"embeddable":true,"href":"https:\/\/mto.org\/de\/wp-json\/wp\/v2\/comments?post=27517"}],"version-history":[{"count":1,"href":"https:\/\/mto.org\/de\/wp-json\/wp\/v2\/posts\/27517\/revisions"}],"predecessor-version":[{"id":27566,"href":"https:\/\/mto.org\/de\/wp-json\/wp\/v2\/posts\/27517\/revisions\/27566"}],"wp:featuredmedia":[{"embeddable":true,"href":"https:\/\/mto.org\/de\/wp-json\/wp\/v2\/media\/27518"}],"wp:attachment":[{"href":"https:\/\/mto.org\/de\/wp-json\/wp\/v2\/media?parent=27517"}],"wp:term":[{"taxonomy":"category","embeddable":true,"href":"https:\/\/mto.org\/de\/wp-json\/wp\/v2\/categories?post=27517"},{"taxonomy":"post_tag","embeddable":true,"href":"https:\/\/mto.org\/de\/wp-json\/wp\/v2\/tags?post=27517"},{"taxonomy":"post_series","embeddable":true,"href":"https:\/\/mto.org\/de\/wp-json\/wp\/v2\/post_series?post=27517"}],"curies":[{"name":"wp","href":"https:\/\/api.w.org\/{rel}","templated":true}]}}