{"id":24154,"date":"2025-01-28T18:25:00","date_gmt":"2025-01-28T17:25:00","guid":{"rendered":"https:\/\/mto.org\/?p=24154"},"modified":"2025-02-04T00:32:29","modified_gmt":"2025-02-03T23:32:29","slug":"mto-hamburg-beim-gedenken-an-die-opfer-des-holocaust","status":"publish","type":"post","link":"https:\/\/mto.org\/de\/mto-hamburg-beim-gedenken-an-die-opfer-des-holocaust\/","title":{"rendered":"MTO Hamburg beim Gedenken an die Opfer des Holocaust"},"content":{"rendered":"\n<p>Wir bedanken uns herzlich beiArmin Levy\u00a0und der j\u00fcdische Union\u00a0f\u00fcr die Einladung zur Gedenkveranstaltung anl\u00e4sslich des 80. Internationalen Tags des Gedenkens an die Opfer des Holocaust. Es war uns eine Ehre, an dieser besonderen und wichtigen Veranstaltung teilzunehmen.<\/p>\n\n\n\n<p>Die bewegenden Reden, unter anderem von der Senatorin f\u00fcr Justiz und Verbraucherschutz in Hamburg, Anna Gallina, und weiteren Redner:innen, haben uns tief ber\u00fchrt.<\/p>\n\n\n\n<p>Das Erinnern an die Opfer des Holocaust bleibt von gr\u00f6\u00dfter Bedeutung, um ihre Geschichten und Mahnungen f\u00fcr die Zukunft lebendig zu halten.<\/p>\n\n\n\n<figure class=\"wp-block-gallery has-nested-images columns-default is-cropped wp-block-gallery-1 is-layout-flex wp-block-gallery-is-layout-flex\">\n<figure class=\"wp-block-image size-large\"><img loading=\"lazy\" decoding=\"async\" width=\"1024\" height=\"681\" data-id=\"24165\" src=\"https:\/\/mto.org\/wp-content\/uploads\/2025\/02\/MTO-Hamburg-beim-Gedenken-an-die-Opfer-des-Holocaust-3-1024x681.jpg\" alt=\"\" class=\"wp-image-24165\" srcset=\"https:\/\/mto.org\/wp-content\/uploads\/2025\/02\/MTO-Hamburg-beim-Gedenken-an-die-Opfer-des-Holocaust-3-1024x681.jpg 1024w, https:\/\/mto.org\/wp-content\/uploads\/2025\/02\/MTO-Hamburg-beim-Gedenken-an-die-Opfer-des-Holocaust-3-300x200.jpg 300w, https:\/\/mto.org\/wp-content\/uploads\/2025\/02\/MTO-Hamburg-beim-Gedenken-an-die-Opfer-des-Holocaust-3-768x511.jpg 768w, https:\/\/mto.org\/wp-content\/uploads\/2025\/02\/MTO-Hamburg-beim-Gedenken-an-die-Opfer-des-Holocaust-3.jpg 1063w\" sizes=\"auto, (max-width: 1024px) 100vw, 1024px\" \/><\/figure>\n\n\n\n<figure class=\"wp-block-image size-large\"><img loading=\"lazy\" decoding=\"async\" width=\"1024\" height=\"680\" data-id=\"24155\" src=\"https:\/\/mto.org\/wp-content\/uploads\/2025\/02\/MTO-Hamburg-beim-Gedenken-an-die-Opfer-des-Holocaust-1-1024x680.jpg\" alt=\"\" class=\"wp-image-24155\" srcset=\"https:\/\/mto.org\/wp-content\/uploads\/2025\/02\/MTO-Hamburg-beim-Gedenken-an-die-Opfer-des-Holocaust-1-1024x680.jpg 1024w, https:\/\/mto.org\/wp-content\/uploads\/2025\/02\/MTO-Hamburg-beim-Gedenken-an-die-Opfer-des-Holocaust-1-300x199.jpg 300w, https:\/\/mto.org\/wp-content\/uploads\/2025\/02\/MTO-Hamburg-beim-Gedenken-an-die-Opfer-des-Holocaust-1-768x510.jpg 768w, https:\/\/mto.org\/wp-content\/uploads\/2025\/02\/MTO-Hamburg-beim-Gedenken-an-die-Opfer-des-Holocaust-1.jpg 1063w\" sizes=\"auto, (max-width: 1024px) 100vw, 1024px\" \/><\/figure>\n<\/figure>\n","protected":false},"excerpt":{"rendered":"<p>Wir bedanken uns herzlich beiArmin Levy\u00a0und der j\u00fcdische Union\u00a0f\u00fcr die Einladung zur Gedenkveranstaltung anl\u00e4sslich des 80. Internationalen Tags des Gedenkens an die Opfer des Holocaust. Es war uns eine Ehre, an dieser besonderen und wichtigen Veranstaltung teilzunehmen. Die bewegenden Reden,&hellip;<\/p>\n","protected":false},"author":2,"featured_media":24160,"comment_status":"open","ping_status":"open","sticky":false,"template":"","format":"standard","meta":{"_EventAllDay":false,"_EventTimezone":"","_EventStartDate":"","_EventEndDate":"","_EventStartDateUTC":"","_EventEndDateUTC":"","_EventShowMap":false,"_EventShowMapLink":false,"_EventURL":"","_EventCost":"","_EventCostDescription":"","_EventCurrencySymbol":"","_EventCurrencyCode":"","_EventCurrencyPosition":"","_EventDateTimeSeparator":"","_EventTimeRangeSeparator":"","_EventOrganizerID":[],"_EventVenueID":[],"_OrganizerEmail":"","_OrganizerPhone":"","_OrganizerWebsite":"","_VenueAddress":"","_VenueCity":"","_VenueCountry":"","_VenueProvince":"","_VenueState":"","_VenueZip":"","_VenuePhone":"","_VenueURL":"","_VenueStateProvince":"","_VenueLat":"","_VenueLng":"","_VenueShowMap":false,"_VenueShowMapLink":false,"footnotes":""},"categories":[154,66],"tags":[],"post_series":[],"class_list":["post-24154","post","type-post","status-publish","format-standard","has-post-thumbnail","hentry","category-dialog-de","category-hamburg","entry","has-media"],"yoast_head":"<!-- This site is optimized with the Yoast SEO plugin v24.8.1 - https:\/\/yoast.com\/wordpress\/plugins\/seo\/ -->\n<title>MTO Hamburg beim Gedenken an die Opfer des Holocaust - MTO Shahmaghsoudi<\/title>\n<meta name=\"robots\" content=\"index, follow, max-snippet:-1, max-image-preview:large, max-video-preview:-1\" \/>\n<link rel=\"canonical\" href=\"https:\/\/mto.org\/de\/mto-hamburg-beim-gedenken-an-die-opfer-des-holocaust\/\" \/>\n<meta property=\"og:locale\" content=\"de_DE\" \/>\n<meta property=\"og:type\" content=\"article\" \/>\n<meta property=\"og:title\" content=\"MTO Hamburg beim Gedenken an die Opfer des Holocaust - MTO Shahmaghsoudi\" \/>\n<meta property=\"og:description\" content=\"Wir bedanken uns herzlich beiArmin Levy\u00a0und der j\u00fcdische Union\u00a0f\u00fcr die Einladung zur Gedenkveranstaltung anl\u00e4sslich des 80. Internationalen Tags des Gedenkens an die Opfer des Holocaust. Es war uns eine Ehre, an dieser besonderen und wichtigen Veranstaltung teilzunehmen. Die bewegenden Reden,&hellip;\" \/>\n<meta property=\"og:url\" content=\"https:\/\/mto.org\/de\/mto-hamburg-beim-gedenken-an-die-opfer-des-holocaust\/\" \/>\n<meta property=\"og:site_name\" content=\"MTO Shahmaghsoudi\" \/>\n<meta property=\"article:publisher\" content=\"https:\/\/www.facebook.com\/mtoshahmaghsoudi\" \/>\n<meta property=\"article:published_time\" content=\"2025-01-28T17:25:00+00:00\" \/>\n<meta property=\"article:modified_time\" content=\"2025-02-03T23:32:29+00:00\" \/>\n<meta property=\"og:image\" content=\"https:\/\/mto.org\/wp-content\/uploads\/2025\/02\/MTO-Hamburg-beim-Gedenken-an-die-Opfer-des-Holocaust-2.jpg\" \/>\n\t<meta property=\"og:image:width\" content=\"1066\" \/>\n\t<meta property=\"og:image:height\" content=\"711\" \/>\n\t<meta property=\"og:image:type\" content=\"image\/jpeg\" \/>\n<meta name=\"author\" content=\"MTO Redaktion\" \/>\n<meta name=\"twitter:card\" content=\"summary_large_image\" \/>\n<meta name=\"twitter:creator\" content=\"@mtoshahmaghsoud\" \/>\n<meta name=\"twitter:site\" content=\"@mtoshahmaghsoud\" \/>\n<meta name=\"twitter:label1\" content=\"Verfasst von\" \/>\n\t<meta name=\"twitter:data1\" content=\"MTO Redaktion\" \/>\n\t<meta name=\"twitter:label2\" content=\"Gesch\u00e4tzte Lesezeit\" \/>\n\t<meta name=\"twitter:data2\" content=\"2\u00a0Minuten\" \/>\n<script type=\"application\/ld+json\" class=\"yoast-schema-graph\">{\"@context\":\"https:\/\/schema.org\",\"@graph\":[{\"@type\":\"Article\",\"@id\":\"https:\/\/mto.org\/de\/mto-hamburg-beim-gedenken-an-die-opfer-des-holocaust\/#article\",\"isPartOf\":{\"@id\":\"https:\/\/mto.org\/de\/mto-hamburg-beim-gedenken-an-die-opfer-des-holocaust\/\"},\"author\":{\"name\":\"MTO Redaktion\",\"@id\":\"https:\/\/mto.org\/#\/schema\/person\/2f49f86784b3747b47bb554ffd56a975\"},\"headline\":\"MTO Hamburg beim Gedenken an die Opfer des Holocaust\",\"datePublished\":\"2025-01-28T17:25:00+00:00\",\"dateModified\":\"2025-02-03T23:32:29+00:00\",\"mainEntityOfPage\":{\"@id\":\"https:\/\/mto.org\/de\/mto-hamburg-beim-gedenken-an-die-opfer-des-holocaust\/\"},\"wordCount\":100,\"commentCount\":0,\"publisher\":{\"@id\":\"https:\/\/mto.org\/#organization\"},\"image\":{\"@id\":\"https:\/\/mto.org\/de\/mto-hamburg-beim-gedenken-an-die-opfer-des-holocaust\/#primaryimage\"},\"thumbnailUrl\":\"https:\/\/mto.org\/wp-content\/uploads\/2025\/02\/MTO-Hamburg-beim-Gedenken-an-die-Opfer-des-Holocaust-2.jpg\",\"articleSection\":[\"Dialog\",\"Hamburg\"],\"inLanguage\":\"de\",\"potentialAction\":[{\"@type\":\"CommentAction\",\"name\":\"Comment\",\"target\":[\"https:\/\/mto.org\/de\/mto-hamburg-beim-gedenken-an-die-opfer-des-holocaust\/#respond\"]}]},{\"@type\":\"WebPage\",\"@id\":\"https:\/\/mto.org\/de\/mto-hamburg-beim-gedenken-an-die-opfer-des-holocaust\/\",\"url\":\"https:\/\/mto.org\/de\/mto-hamburg-beim-gedenken-an-die-opfer-des-holocaust\/\",\"name\":\"MTO Hamburg beim Gedenken an die Opfer des Holocaust - MTO Shahmaghsoudi\",\"isPartOf\":{\"@id\":\"https:\/\/mto.org\/#website\"},\"primaryImageOfPage\":{\"@id\":\"https:\/\/mto.org\/de\/mto-hamburg-beim-gedenken-an-die-opfer-des-holocaust\/#primaryimage\"},\"image\":{\"@id\":\"https:\/\/mto.org\/de\/mto-hamburg-beim-gedenken-an-die-opfer-des-holocaust\/#primaryimage\"},\"thumbnailUrl\":\"https:\/\/mto.org\/wp-content\/uploads\/2025\/02\/MTO-Hamburg-beim-Gedenken-an-die-Opfer-des-Holocaust-2.jpg\",\"datePublished\":\"2025-01-28T17:25:00+00:00\",\"dateModified\":\"2025-02-03T23:32:29+00:00\",\"breadcrumb\":{\"@id\":\"https:\/\/mto.org\/de\/mto-hamburg-beim-gedenken-an-die-opfer-des-holocaust\/#breadcrumb\"},\"inLanguage\":\"de\",\"potentialAction\":[{\"@type\":\"ReadAction\",\"target\":[\"https:\/\/mto.org\/de\/mto-hamburg-beim-gedenken-an-die-opfer-des-holocaust\/\"]}]},{\"@type\":\"ImageObject\",\"inLanguage\":\"de\",\"@id\":\"https:\/\/mto.org\/de\/mto-hamburg-beim-gedenken-an-die-opfer-des-holocaust\/#primaryimage\",\"url\":\"https:\/\/mto.org\/wp-content\/uploads\/2025\/02\/MTO-Hamburg-beim-Gedenken-an-die-Opfer-des-Holocaust-2.jpg\",\"contentUrl\":\"https:\/\/mto.org\/wp-content\/uploads\/2025\/02\/MTO-Hamburg-beim-Gedenken-an-die-Opfer-des-Holocaust-2.jpg\",\"width\":1066,\"height\":711},{\"@type\":\"BreadcrumbList\",\"@id\":\"https:\/\/mto.org\/de\/mto-hamburg-beim-gedenken-an-die-opfer-des-holocaust\/#breadcrumb\",\"itemListElement\":[{\"@type\":\"ListItem\",\"position\":1,\"name\":\"Home\",\"item\":\"https:\/\/mto.org\/de\/\"},{\"@type\":\"ListItem\",\"position\":2,\"name\":\"MTO Hamburg beim Gedenken an die Opfer des Holocaust\"}]},{\"@type\":\"WebSite\",\"@id\":\"https:\/\/mto.org\/#website\",\"url\":\"https:\/\/mto.org\/\",\"name\":\"MTO Shahmaghsoudi\",\"description\":\"School of Islamic Sufism\",\"publisher\":{\"@id\":\"https:\/\/mto.org\/#organization\"},\"potentialAction\":[{\"@type\":\"SearchAction\",\"target\":{\"@type\":\"EntryPoint\",\"urlTemplate\":\"https:\/\/mto.org\/?s={search_term_string}\"},\"query-input\":{\"@type\":\"PropertyValueSpecification\",\"valueRequired\":true,\"valueName\":\"search_term_string\"}}],\"inLanguage\":\"de\"},{\"@type\":\"Organization\",\"@id\":\"https:\/\/mto.org\/#organization\",\"name\":\"MTO Shahmaghsoudi\",\"url\":\"https:\/\/mto.org\/\",\"logo\":{\"@type\":\"ImageObject\",\"inLanguage\":\"de\",\"@id\":\"https:\/\/mto.org\/#\/schema\/logo\/image\/\",\"url\":\"https:\/\/mto.org\/wp-content\/uploads\/2023\/03\/MTO_LOGO_Header.png\",\"contentUrl\":\"https:\/\/mto.org\/wp-content\/uploads\/2023\/03\/MTO_LOGO_Header.png\",\"width\":200,\"height\":200,\"caption\":\"MTO Shahmaghsoudi\"},\"image\":{\"@id\":\"https:\/\/mto.org\/#\/schema\/logo\/image\/\"},\"sameAs\":[\"https:\/\/www.facebook.com\/mtoshahmaghsoudi\",\"https:\/\/x.com\/mtoshahmaghsoud\",\"https:\/\/www.instagram.com\/mtoshahmaghsoudi\/\"]},{\"@type\":\"Person\",\"@id\":\"https:\/\/mto.org\/#\/schema\/person\/2f49f86784b3747b47bb554ffd56a975\",\"name\":\"MTO Redaktion\",\"image\":{\"@type\":\"ImageObject\",\"inLanguage\":\"de\",\"@id\":\"https:\/\/mto.org\/#\/schema\/person\/image\/\",\"url\":\"https:\/\/secure.gravatar.com\/avatar\/7e3905dd13630f67e3a9ef24bace6be2b009b8f4cb66d44bb6d9580bf3708868?s=96&d=mm&r=g\",\"contentUrl\":\"https:\/\/secure.gravatar.com\/avatar\/7e3905dd13630f67e3a9ef24bace6be2b009b8f4cb66d44bb6d9580bf3708868?s=96&d=mm&r=g\",\"caption\":\"MTO Redaktion\"},\"url\":\"https:\/\/mto.org\/de\/author\/mto-redaktion\/\"}]}<\/script>\n<!-- \/ Yoast SEO plugin. -->","yoast_head_json":{"title":"MTO Hamburg beim Gedenken an die Opfer des Holocaust - MTO Shahmaghsoudi","robots":{"index":"index","follow":"follow","max-snippet":"max-snippet:-1","max-image-preview":"max-image-preview:large","max-video-preview":"max-video-preview:-1"},"canonical":"https:\/\/mto.org\/de\/mto-hamburg-beim-gedenken-an-die-opfer-des-holocaust\/","og_locale":"de_DE","og_type":"article","og_title":"MTO Hamburg beim Gedenken an die Opfer des Holocaust - MTO Shahmaghsoudi","og_description":"Wir bedanken uns herzlich beiArmin Levy\u00a0und der j\u00fcdische Union\u00a0f\u00fcr die Einladung zur Gedenkveranstaltung anl\u00e4sslich des 80. Internationalen Tags des Gedenkens an die Opfer des Holocaust. Es war uns eine Ehre, an dieser besonderen und wichtigen Veranstaltung teilzunehmen. Die bewegenden Reden,&hellip;","og_url":"https:\/\/mto.org\/de\/mto-hamburg-beim-gedenken-an-die-opfer-des-holocaust\/","og_site_name":"MTO Shahmaghsoudi","article_publisher":"https:\/\/www.facebook.com\/mtoshahmaghsoudi","article_published_time":"2025-01-28T17:25:00+00:00","article_modified_time":"2025-02-03T23:32:29+00:00","og_image":[{"width":1066,"height":711,"url":"https:\/\/mto.org\/wp-content\/uploads\/2025\/02\/MTO-Hamburg-beim-Gedenken-an-die-Opfer-des-Holocaust-2.jpg","type":"image\/jpeg"}],"author":"MTO Redaktion","twitter_card":"summary_large_image","twitter_creator":"@mtoshahmaghsoud","twitter_site":"@mtoshahmaghsoud","twitter_misc":{"Verfasst von":"MTO Redaktion","Gesch\u00e4tzte Lesezeit":"2\u00a0Minuten"},"schema":{"@context":"https:\/\/schema.org","@graph":[{"@type":"Article","@id":"https:\/\/mto.org\/de\/mto-hamburg-beim-gedenken-an-die-opfer-des-holocaust\/#article","isPartOf":{"@id":"https:\/\/mto.org\/de\/mto-hamburg-beim-gedenken-an-die-opfer-des-holocaust\/"},"author":{"name":"MTO Redaktion","@id":"https:\/\/mto.org\/#\/schema\/person\/2f49f86784b3747b47bb554ffd56a975"},"headline":"MTO Hamburg beim Gedenken an die Opfer des Holocaust","datePublished":"2025-01-28T17:25:00+00:00","dateModified":"2025-02-03T23:32:29+00:00","mainEntityOfPage":{"@id":"https:\/\/mto.org\/de\/mto-hamburg-beim-gedenken-an-die-opfer-des-holocaust\/"},"wordCount":100,"commentCount":0,"publisher":{"@id":"https:\/\/mto.org\/#organization"},"image":{"@id":"https:\/\/mto.org\/de\/mto-hamburg-beim-gedenken-an-die-opfer-des-holocaust\/#primaryimage"},"thumbnailUrl":"https:\/\/mto.org\/wp-content\/uploads\/2025\/02\/MTO-Hamburg-beim-Gedenken-an-die-Opfer-des-Holocaust-2.jpg","articleSection":["Dialog","Hamburg"],"inLanguage":"de","potentialAction":[{"@type":"CommentAction","name":"Comment","target":["https:\/\/mto.org\/de\/mto-hamburg-beim-gedenken-an-die-opfer-des-holocaust\/#respond"]}]},{"@type":"WebPage","@id":"https:\/\/mto.org\/de\/mto-hamburg-beim-gedenken-an-die-opfer-des-holocaust\/","url":"https:\/\/mto.org\/de\/mto-hamburg-beim-gedenken-an-die-opfer-des-holocaust\/","name":"MTO Hamburg beim Gedenken an die Opfer des Holocaust - MTO Shahmaghsoudi","isPartOf":{"@id":"https:\/\/mto.org\/#website"},"primaryImageOfPage":{"@id":"https:\/\/mto.org\/de\/mto-hamburg-beim-gedenken-an-die-opfer-des-holocaust\/#primaryimage"},"image":{"@id":"https:\/\/mto.org\/de\/mto-hamburg-beim-gedenken-an-die-opfer-des-holocaust\/#primaryimage"},"thumbnailUrl":"https:\/\/mto.org\/wp-content\/uploads\/2025\/02\/MTO-Hamburg-beim-Gedenken-an-die-Opfer-des-Holocaust-2.jpg","datePublished":"2025-01-28T17:25:00+00:00","dateModified":"2025-02-03T23:32:29+00:00","breadcrumb":{"@id":"https:\/\/mto.org\/de\/mto-hamburg-beim-gedenken-an-die-opfer-des-holocaust\/#breadcrumb"},"inLanguage":"de","potentialAction":[{"@type":"ReadAction","target":["https:\/\/mto.org\/de\/mto-hamburg-beim-gedenken-an-die-opfer-des-holocaust\/"]}]},{"@type":"ImageObject","inLanguage":"de","@id":"https:\/\/mto.org\/de\/mto-hamburg-beim-gedenken-an-die-opfer-des-holocaust\/#primaryimage","url":"https:\/\/mto.org\/wp-content\/uploads\/2025\/02\/MTO-Hamburg-beim-Gedenken-an-die-Opfer-des-Holocaust-2.jpg","contentUrl":"https:\/\/mto.org\/wp-content\/uploads\/2025\/02\/MTO-Hamburg-beim-Gedenken-an-die-Opfer-des-Holocaust-2.jpg","width":1066,"height":711},{"@type":"BreadcrumbList","@id":"https:\/\/mto.org\/de\/mto-hamburg-beim-gedenken-an-die-opfer-des-holocaust\/#breadcrumb","itemListElement":[{"@type":"ListItem","position":1,"name":"Home","item":"https:\/\/mto.org\/de\/"},{"@type":"ListItem","position":2,"name":"MTO Hamburg beim Gedenken an die Opfer des Holocaust"}]},{"@type":"WebSite","@id":"https:\/\/mto.org\/#website","url":"https:\/\/mto.org\/","name":"MTO Shahmaghsoudi","description":"School of Islamic Sufism","publisher":{"@id":"https:\/\/mto.org\/#organization"},"potentialAction":[{"@type":"SearchAction","target":{"@type":"EntryPoint","urlTemplate":"https:\/\/mto.org\/?s={search_term_string}"},"query-input":{"@type":"PropertyValueSpecification","valueRequired":true,"valueName":"search_term_string"}}],"inLanguage":"de"},{"@type":"Organization","@id":"https:\/\/mto.org\/#organization","name":"MTO Shahmaghsoudi","url":"https:\/\/mto.org\/","logo":{"@type":"ImageObject","inLanguage":"de","@id":"https:\/\/mto.org\/#\/schema\/logo\/image\/","url":"https:\/\/mto.org\/wp-content\/uploads\/2023\/03\/MTO_LOGO_Header.png","contentUrl":"https:\/\/mto.org\/wp-content\/uploads\/2023\/03\/MTO_LOGO_Header.png","width":200,"height":200,"caption":"MTO Shahmaghsoudi"},"image":{"@id":"https:\/\/mto.org\/#\/schema\/logo\/image\/"},"sameAs":["https:\/\/www.facebook.com\/mtoshahmaghsoudi","https:\/\/x.com\/mtoshahmaghsoud","https:\/\/www.instagram.com\/mtoshahmaghsoudi\/"]},{"@type":"Person","@id":"https:\/\/mto.org\/#\/schema\/person\/2f49f86784b3747b47bb554ffd56a975","name":"MTO Redaktion","image":{"@type":"ImageObject","inLanguage":"de","@id":"https:\/\/mto.org\/#\/schema\/person\/image\/","url":"https:\/\/secure.gravatar.com\/avatar\/7e3905dd13630f67e3a9ef24bace6be2b009b8f4cb66d44bb6d9580bf3708868?s=96&d=mm&r=g","contentUrl":"https:\/\/secure.gravatar.com\/avatar\/7e3905dd13630f67e3a9ef24bace6be2b009b8f4cb66d44bb6d9580bf3708868?s=96&d=mm&r=g","caption":"MTO Redaktion"},"url":"https:\/\/mto.org\/de\/author\/mto-redaktion\/"}]}},"_links":{"self":[{"href":"https:\/\/mto.org\/de\/wp-json\/wp\/v2\/posts\/24154","targetHints":{"allow":["GET"]}}],"collection":[{"href":"https:\/\/mto.org\/de\/wp-json\/wp\/v2\/posts"}],"about":[{"href":"https:\/\/mto.org\/de\/wp-json\/wp\/v2\/types\/post"}],"author":[{"embeddable":true,"href":"https:\/\/mto.org\/de\/wp-json\/wp\/v2\/users\/2"}],"replies":[{"embeddable":true,"href":"https:\/\/mto.org\/de\/wp-json\/wp\/v2\/comments?post=24154"}],"version-history":[{"count":1,"href":"https:\/\/mto.org\/de\/wp-json\/wp\/v2\/posts\/24154\/revisions"}],"predecessor-version":[{"id":24170,"href":"https:\/\/mto.org\/de\/wp-json\/wp\/v2\/posts\/24154\/revisions\/24170"}],"wp:featuredmedia":[{"embeddable":true,"href":"https:\/\/mto.org\/de\/wp-json\/wp\/v2\/media\/24160"}],"wp:attachment":[{"href":"https:\/\/mto.org\/de\/wp-json\/wp\/v2\/media?parent=24154"}],"wp:term":[{"taxonomy":"category","embeddable":true,"href":"https:\/\/mto.org\/de\/wp-json\/wp\/v2\/categories?post=24154"},{"taxonomy":"post_tag","embeddable":true,"href":"https:\/\/mto.org\/de\/wp-json\/wp\/v2\/tags?post=24154"},{"taxonomy":"post_series","embeddable":true,"href":"https:\/\/mto.org\/de\/wp-json\/wp\/v2\/post_series?post=24154"}],"curies":[{"name":"wp","href":"https:\/\/api.w.org\/{rel}","templated":true}]}}