{"id":21868,"date":"2024-04-09T09:00:00","date_gmt":"2024-04-09T07:00:00","guid":{"rendered":"https:\/\/mto.org\/?p=21868"},"modified":"2024-11-09T22:00:21","modified_gmt":"2024-11-09T21:00:21","slug":"eid-al-fitr-2024","status":"publish","type":"post","link":"https:\/\/mto.org\/de\/eid-al-fitr-2024\/","title":{"rendered":"Eid-al-Fitr 2024"},"content":{"rendered":"\n<p>Das Eid-al-Fitr markiert das Ende des heiligen Monats Ramadan. Traditionell wird dieser Feiertag nach dem morgendlichen Gebet im Kreise der Familie und Freunden verbracht.<\/p>\n\n\n\n<p>F\u00fcr den Gl\u00e4ubigen hat das Ende des Fastenmonats auch eine tiefe spirituelle Bedeutung. Die Lehren des Sufismus besagen, dass man nach einer Zeit der Versammlung, Reflexion und Konzentration geduldig und hoffnungsvoll auf den g\u00f6ttlichen Segen wartet, \u00e4hnlich einem ausgetrockneten Boden, der sehns\u00fcchtig auf den ersehnten Regen wartet, um mehr Wissen und Erkenntnis \u00fcber die eigene Wahrheit zu erlangen.<\/p>\n\n\n\n<p>Eid Mubarak!<\/p>\n","protected":false},"excerpt":{"rendered":"<p>Das Eid-al-Fitr markiert das Ende des heiligen Monats Ramadan. Traditionell wird dieser Feiertag nach dem morgendlichen Gebet im Kreise der Familie und Freunden verbracht. F\u00fcr den Gl\u00e4ubigen hat das Ende des Fastenmonats auch eine tiefe spirituelle Bedeutung. Die Lehren des&hellip;<\/p>\n","protected":false},"author":2,"featured_media":21869,"comment_status":"open","ping_status":"open","sticky":false,"template":"","format":"standard","meta":{"_EventAllDay":false,"_EventTimezone":"","_EventStartDate":"","_EventEndDate":"","_EventStartDateUTC":"","_EventEndDateUTC":"","_EventShowMap":false,"_EventShowMapLink":false,"_EventURL":"","_EventCost":"","_EventCostDescription":"","_EventCurrencySymbol":"","_EventCurrencyCode":"","_EventCurrencyPosition":"","_EventDateTimeSeparator":"","_EventTimeRangeSeparator":"","_EventOrganizerID":[],"_EventVenueID":[],"_OrganizerEmail":"","_OrganizerPhone":"","_OrganizerWebsite":"","_VenueAddress":"","_VenueCity":"","_VenueCountry":"","_VenueProvince":"","_VenueState":"","_VenueZip":"","_VenuePhone":"","_VenueURL":"","_VenueStateProvince":"","_VenueLat":"","_VenueLng":"","_VenueShowMap":false,"_VenueShowMapLink":false,"footnotes":""},"categories":[61,75],"tags":[],"post_series":[],"class_list":["post-21868","post","type-post","status-publish","format-standard","has-post-thumbnail","hentry","category-bundesweit","category-dialog","entry","has-media"],"yoast_head":"<!-- This site is optimized with the Yoast SEO plugin v24.8.1 - https:\/\/yoast.com\/wordpress\/plugins\/seo\/ -->\n<title>Eid-al-Fitr 2024 - MTO Shahmaghsoudi<\/title>\n<meta name=\"robots\" content=\"index, follow, max-snippet:-1, max-image-preview:large, max-video-preview:-1\" \/>\n<link rel=\"canonical\" href=\"https:\/\/mto.org\/de\/eid-al-fitr-2024\/\" \/>\n<meta property=\"og:locale\" content=\"de_DE\" \/>\n<meta property=\"og:type\" content=\"article\" \/>\n<meta property=\"og:title\" content=\"Eid-al-Fitr 2024 - MTO Shahmaghsoudi\" \/>\n<meta property=\"og:description\" content=\"Das Eid-al-Fitr markiert das Ende des heiligen Monats Ramadan. Traditionell wird dieser Feiertag nach dem morgendlichen Gebet im Kreise der Familie und Freunden verbracht. F\u00fcr den Gl\u00e4ubigen hat das Ende des Fastenmonats auch eine tiefe spirituelle Bedeutung. Die Lehren des&hellip;\" \/>\n<meta property=\"og:url\" content=\"https:\/\/mto.org\/de\/eid-al-fitr-2024\/\" \/>\n<meta property=\"og:site_name\" content=\"MTO Shahmaghsoudi\" \/>\n<meta property=\"article:publisher\" content=\"https:\/\/www.facebook.com\/mtoshahmaghsoudi\" \/>\n<meta property=\"article:published_time\" content=\"2024-04-09T07:00:00+00:00\" \/>\n<meta property=\"article:modified_time\" content=\"2024-11-09T21:00:21+00:00\" \/>\n<meta property=\"og:image\" content=\"https:\/\/mto.org\/wp-content\/uploads\/2024\/04\/Eid-al-Fitr-2024.jpeg\" \/>\n\t<meta property=\"og:image:width\" content=\"1599\" \/>\n\t<meta property=\"og:image:height\" content=\"1599\" \/>\n\t<meta property=\"og:image:type\" content=\"image\/jpeg\" \/>\n<meta name=\"author\" content=\"MTO Redaktion\" \/>\n<meta name=\"twitter:card\" content=\"summary_large_image\" \/>\n<meta name=\"twitter:creator\" content=\"@mtoshahmaghsoud\" \/>\n<meta name=\"twitter:site\" content=\"@mtoshahmaghsoud\" \/>\n<meta name=\"twitter:label1\" content=\"Verfasst von\" \/>\n\t<meta name=\"twitter:data1\" content=\"MTO Redaktion\" \/>\n\t<meta name=\"twitter:label2\" content=\"Gesch\u00e4tzte Lesezeit\" \/>\n\t<meta name=\"twitter:data2\" content=\"1\u00a0Minute\" \/>\n<script type=\"application\/ld+json\" class=\"yoast-schema-graph\">{\"@context\":\"https:\/\/schema.org\",\"@graph\":[{\"@type\":\"Article\",\"@id\":\"https:\/\/mto.org\/de\/eid-al-fitr-2024\/#article\",\"isPartOf\":{\"@id\":\"https:\/\/mto.org\/de\/eid-al-fitr-2024\/\"},\"author\":{\"name\":\"MTO Redaktion\",\"@id\":\"https:\/\/mto.org\/#\/schema\/person\/2f49f86784b3747b47bb554ffd56a975\"},\"headline\":\"Eid-al-Fitr 2024\",\"datePublished\":\"2024-04-09T07:00:00+00:00\",\"dateModified\":\"2024-11-09T21:00:21+00:00\",\"mainEntityOfPage\":{\"@id\":\"https:\/\/mto.org\/de\/eid-al-fitr-2024\/\"},\"wordCount\":89,\"commentCount\":0,\"publisher\":{\"@id\":\"https:\/\/mto.org\/#organization\"},\"image\":{\"@id\":\"https:\/\/mto.org\/de\/eid-al-fitr-2024\/#primaryimage\"},\"thumbnailUrl\":\"https:\/\/mto.org\/wp-content\/uploads\/2024\/04\/Eid-al-Fitr-2024.jpeg\",\"articleSection\":[\"Deutschlandweit\",\"Interreligi\u00f6ser Dialog\"],\"inLanguage\":\"de\",\"potentialAction\":[{\"@type\":\"CommentAction\",\"name\":\"Comment\",\"target\":[\"https:\/\/mto.org\/de\/eid-al-fitr-2024\/#respond\"]}]},{\"@type\":\"WebPage\",\"@id\":\"https:\/\/mto.org\/de\/eid-al-fitr-2024\/\",\"url\":\"https:\/\/mto.org\/de\/eid-al-fitr-2024\/\",\"name\":\"Eid-al-Fitr 2024 - MTO Shahmaghsoudi\",\"isPartOf\":{\"@id\":\"https:\/\/mto.org\/#website\"},\"primaryImageOfPage\":{\"@id\":\"https:\/\/mto.org\/de\/eid-al-fitr-2024\/#primaryimage\"},\"image\":{\"@id\":\"https:\/\/mto.org\/de\/eid-al-fitr-2024\/#primaryimage\"},\"thumbnailUrl\":\"https:\/\/mto.org\/wp-content\/uploads\/2024\/04\/Eid-al-Fitr-2024.jpeg\",\"datePublished\":\"2024-04-09T07:00:00+00:00\",\"dateModified\":\"2024-11-09T21:00:21+00:00\",\"breadcrumb\":{\"@id\":\"https:\/\/mto.org\/de\/eid-al-fitr-2024\/#breadcrumb\"},\"inLanguage\":\"de\",\"potentialAction\":[{\"@type\":\"ReadAction\",\"target\":[\"https:\/\/mto.org\/de\/eid-al-fitr-2024\/\"]}]},{\"@type\":\"ImageObject\",\"inLanguage\":\"de\",\"@id\":\"https:\/\/mto.org\/de\/eid-al-fitr-2024\/#primaryimage\",\"url\":\"https:\/\/mto.org\/wp-content\/uploads\/2024\/04\/Eid-al-Fitr-2024.jpeg\",\"contentUrl\":\"https:\/\/mto.org\/wp-content\/uploads\/2024\/04\/Eid-al-Fitr-2024.jpeg\",\"width\":1599,\"height\":1599},{\"@type\":\"BreadcrumbList\",\"@id\":\"https:\/\/mto.org\/de\/eid-al-fitr-2024\/#breadcrumb\",\"itemListElement\":[{\"@type\":\"ListItem\",\"position\":1,\"name\":\"Home\",\"item\":\"https:\/\/mto.org\/de\/\"},{\"@type\":\"ListItem\",\"position\":2,\"name\":\"Eid-al-Fitr 2024\"}]},{\"@type\":\"WebSite\",\"@id\":\"https:\/\/mto.org\/#website\",\"url\":\"https:\/\/mto.org\/\",\"name\":\"MTO Shahmaghsoudi\",\"description\":\"School of Islamic Sufism\",\"publisher\":{\"@id\":\"https:\/\/mto.org\/#organization\"},\"potentialAction\":[{\"@type\":\"SearchAction\",\"target\":{\"@type\":\"EntryPoint\",\"urlTemplate\":\"https:\/\/mto.org\/?s={search_term_string}\"},\"query-input\":{\"@type\":\"PropertyValueSpecification\",\"valueRequired\":true,\"valueName\":\"search_term_string\"}}],\"inLanguage\":\"de\"},{\"@type\":\"Organization\",\"@id\":\"https:\/\/mto.org\/#organization\",\"name\":\"MTO Shahmaghsoudi\",\"url\":\"https:\/\/mto.org\/\",\"logo\":{\"@type\":\"ImageObject\",\"inLanguage\":\"de\",\"@id\":\"https:\/\/mto.org\/#\/schema\/logo\/image\/\",\"url\":\"https:\/\/mto.org\/wp-content\/uploads\/2023\/03\/MTO_LOGO_Header.png\",\"contentUrl\":\"https:\/\/mto.org\/wp-content\/uploads\/2023\/03\/MTO_LOGO_Header.png\",\"width\":200,\"height\":200,\"caption\":\"MTO Shahmaghsoudi\"},\"image\":{\"@id\":\"https:\/\/mto.org\/#\/schema\/logo\/image\/\"},\"sameAs\":[\"https:\/\/www.facebook.com\/mtoshahmaghsoudi\",\"https:\/\/x.com\/mtoshahmaghsoud\",\"https:\/\/www.instagram.com\/mtoshahmaghsoudi\/\"]},{\"@type\":\"Person\",\"@id\":\"https:\/\/mto.org\/#\/schema\/person\/2f49f86784b3747b47bb554ffd56a975\",\"name\":\"MTO Redaktion\",\"image\":{\"@type\":\"ImageObject\",\"inLanguage\":\"de\",\"@id\":\"https:\/\/mto.org\/#\/schema\/person\/image\/\",\"url\":\"https:\/\/secure.gravatar.com\/avatar\/7e3905dd13630f67e3a9ef24bace6be2b009b8f4cb66d44bb6d9580bf3708868?s=96&d=mm&r=g\",\"contentUrl\":\"https:\/\/secure.gravatar.com\/avatar\/7e3905dd13630f67e3a9ef24bace6be2b009b8f4cb66d44bb6d9580bf3708868?s=96&d=mm&r=g\",\"caption\":\"MTO Redaktion\"},\"url\":\"https:\/\/mto.org\/de\/author\/mto-redaktion\/\"}]}<\/script>\n<!-- \/ Yoast SEO plugin. -->","yoast_head_json":{"title":"Eid-al-Fitr 2024 - MTO Shahmaghsoudi","robots":{"index":"index","follow":"follow","max-snippet":"max-snippet:-1","max-image-preview":"max-image-preview:large","max-video-preview":"max-video-preview:-1"},"canonical":"https:\/\/mto.org\/de\/eid-al-fitr-2024\/","og_locale":"de_DE","og_type":"article","og_title":"Eid-al-Fitr 2024 - MTO Shahmaghsoudi","og_description":"Das Eid-al-Fitr markiert das Ende des heiligen Monats Ramadan. Traditionell wird dieser Feiertag nach dem morgendlichen Gebet im Kreise der Familie und Freunden verbracht. F\u00fcr den Gl\u00e4ubigen hat das Ende des Fastenmonats auch eine tiefe spirituelle Bedeutung. Die Lehren des&hellip;","og_url":"https:\/\/mto.org\/de\/eid-al-fitr-2024\/","og_site_name":"MTO Shahmaghsoudi","article_publisher":"https:\/\/www.facebook.com\/mtoshahmaghsoudi","article_published_time":"2024-04-09T07:00:00+00:00","article_modified_time":"2024-11-09T21:00:21+00:00","og_image":[{"width":1599,"height":1599,"url":"https:\/\/mto.org\/wp-content\/uploads\/2024\/04\/Eid-al-Fitr-2024.jpeg","type":"image\/jpeg"}],"author":"MTO Redaktion","twitter_card":"summary_large_image","twitter_creator":"@mtoshahmaghsoud","twitter_site":"@mtoshahmaghsoud","twitter_misc":{"Verfasst von":"MTO Redaktion","Gesch\u00e4tzte Lesezeit":"1\u00a0Minute"},"schema":{"@context":"https:\/\/schema.org","@graph":[{"@type":"Article","@id":"https:\/\/mto.org\/de\/eid-al-fitr-2024\/#article","isPartOf":{"@id":"https:\/\/mto.org\/de\/eid-al-fitr-2024\/"},"author":{"name":"MTO Redaktion","@id":"https:\/\/mto.org\/#\/schema\/person\/2f49f86784b3747b47bb554ffd56a975"},"headline":"Eid-al-Fitr 2024","datePublished":"2024-04-09T07:00:00+00:00","dateModified":"2024-11-09T21:00:21+00:00","mainEntityOfPage":{"@id":"https:\/\/mto.org\/de\/eid-al-fitr-2024\/"},"wordCount":89,"commentCount":0,"publisher":{"@id":"https:\/\/mto.org\/#organization"},"image":{"@id":"https:\/\/mto.org\/de\/eid-al-fitr-2024\/#primaryimage"},"thumbnailUrl":"https:\/\/mto.org\/wp-content\/uploads\/2024\/04\/Eid-al-Fitr-2024.jpeg","articleSection":["Deutschlandweit","Interreligi\u00f6ser Dialog"],"inLanguage":"de","potentialAction":[{"@type":"CommentAction","name":"Comment","target":["https:\/\/mto.org\/de\/eid-al-fitr-2024\/#respond"]}]},{"@type":"WebPage","@id":"https:\/\/mto.org\/de\/eid-al-fitr-2024\/","url":"https:\/\/mto.org\/de\/eid-al-fitr-2024\/","name":"Eid-al-Fitr 2024 - MTO Shahmaghsoudi","isPartOf":{"@id":"https:\/\/mto.org\/#website"},"primaryImageOfPage":{"@id":"https:\/\/mto.org\/de\/eid-al-fitr-2024\/#primaryimage"},"image":{"@id":"https:\/\/mto.org\/de\/eid-al-fitr-2024\/#primaryimage"},"thumbnailUrl":"https:\/\/mto.org\/wp-content\/uploads\/2024\/04\/Eid-al-Fitr-2024.jpeg","datePublished":"2024-04-09T07:00:00+00:00","dateModified":"2024-11-09T21:00:21+00:00","breadcrumb":{"@id":"https:\/\/mto.org\/de\/eid-al-fitr-2024\/#breadcrumb"},"inLanguage":"de","potentialAction":[{"@type":"ReadAction","target":["https:\/\/mto.org\/de\/eid-al-fitr-2024\/"]}]},{"@type":"ImageObject","inLanguage":"de","@id":"https:\/\/mto.org\/de\/eid-al-fitr-2024\/#primaryimage","url":"https:\/\/mto.org\/wp-content\/uploads\/2024\/04\/Eid-al-Fitr-2024.jpeg","contentUrl":"https:\/\/mto.org\/wp-content\/uploads\/2024\/04\/Eid-al-Fitr-2024.jpeg","width":1599,"height":1599},{"@type":"BreadcrumbList","@id":"https:\/\/mto.org\/de\/eid-al-fitr-2024\/#breadcrumb","itemListElement":[{"@type":"ListItem","position":1,"name":"Home","item":"https:\/\/mto.org\/de\/"},{"@type":"ListItem","position":2,"name":"Eid-al-Fitr 2024"}]},{"@type":"WebSite","@id":"https:\/\/mto.org\/#website","url":"https:\/\/mto.org\/","name":"MTO Shahmaghsoudi","description":"School of Islamic Sufism","publisher":{"@id":"https:\/\/mto.org\/#organization"},"potentialAction":[{"@type":"SearchAction","target":{"@type":"EntryPoint","urlTemplate":"https:\/\/mto.org\/?s={search_term_string}"},"query-input":{"@type":"PropertyValueSpecification","valueRequired":true,"valueName":"search_term_string"}}],"inLanguage":"de"},{"@type":"Organization","@id":"https:\/\/mto.org\/#organization","name":"MTO Shahmaghsoudi","url":"https:\/\/mto.org\/","logo":{"@type":"ImageObject","inLanguage":"de","@id":"https:\/\/mto.org\/#\/schema\/logo\/image\/","url":"https:\/\/mto.org\/wp-content\/uploads\/2023\/03\/MTO_LOGO_Header.png","contentUrl":"https:\/\/mto.org\/wp-content\/uploads\/2023\/03\/MTO_LOGO_Header.png","width":200,"height":200,"caption":"MTO Shahmaghsoudi"},"image":{"@id":"https:\/\/mto.org\/#\/schema\/logo\/image\/"},"sameAs":["https:\/\/www.facebook.com\/mtoshahmaghsoudi","https:\/\/x.com\/mtoshahmaghsoud","https:\/\/www.instagram.com\/mtoshahmaghsoudi\/"]},{"@type":"Person","@id":"https:\/\/mto.org\/#\/schema\/person\/2f49f86784b3747b47bb554ffd56a975","name":"MTO Redaktion","image":{"@type":"ImageObject","inLanguage":"de","@id":"https:\/\/mto.org\/#\/schema\/person\/image\/","url":"https:\/\/secure.gravatar.com\/avatar\/7e3905dd13630f67e3a9ef24bace6be2b009b8f4cb66d44bb6d9580bf3708868?s=96&d=mm&r=g","contentUrl":"https:\/\/secure.gravatar.com\/avatar\/7e3905dd13630f67e3a9ef24bace6be2b009b8f4cb66d44bb6d9580bf3708868?s=96&d=mm&r=g","caption":"MTO Redaktion"},"url":"https:\/\/mto.org\/de\/author\/mto-redaktion\/"}]}},"_links":{"self":[{"href":"https:\/\/mto.org\/de\/wp-json\/wp\/v2\/posts\/21868","targetHints":{"allow":["GET"]}}],"collection":[{"href":"https:\/\/mto.org\/de\/wp-json\/wp\/v2\/posts"}],"about":[{"href":"https:\/\/mto.org\/de\/wp-json\/wp\/v2\/types\/post"}],"author":[{"embeddable":true,"href":"https:\/\/mto.org\/de\/wp-json\/wp\/v2\/users\/2"}],"replies":[{"embeddable":true,"href":"https:\/\/mto.org\/de\/wp-json\/wp\/v2\/comments?post=21868"}],"version-history":[{"count":1,"href":"https:\/\/mto.org\/de\/wp-json\/wp\/v2\/posts\/21868\/revisions"}],"predecessor-version":[{"id":21874,"href":"https:\/\/mto.org\/de\/wp-json\/wp\/v2\/posts\/21868\/revisions\/21874"}],"wp:featuredmedia":[{"embeddable":true,"href":"https:\/\/mto.org\/de\/wp-json\/wp\/v2\/media\/21869"}],"wp:attachment":[{"href":"https:\/\/mto.org\/de\/wp-json\/wp\/v2\/media?parent=21868"}],"wp:term":[{"taxonomy":"category","embeddable":true,"href":"https:\/\/mto.org\/de\/wp-json\/wp\/v2\/categories?post=21868"},{"taxonomy":"post_tag","embeddable":true,"href":"https:\/\/mto.org\/de\/wp-json\/wp\/v2\/tags?post=21868"},{"taxonomy":"post_series","embeddable":true,"href":"https:\/\/mto.org\/de\/wp-json\/wp\/v2\/post_series?post=21868"}],"curies":[{"name":"wp","href":"https:\/\/api.w.org\/{rel}","templated":true}]}}