{"id":20508,"date":"2023-11-23T21:38:51","date_gmt":"2023-11-23T20:38:51","guid":{"rendered":"https:\/\/mto.org\/?p=20508"},"modified":"2023-12-14T10:04:37","modified_gmt":"2023-12-14T09:04:37","slug":"deutsche-islam-konferenz-fachtagung-zu-antisemitismus-und-muslimfeindlichkeit-einblicke-herausforderungen-und-die-suche-nach-gesellschaftlichem-frieden","status":"publish","type":"post","link":"https:\/\/mto.org\/de\/deutsche-islam-konferenz-fachtagung-zu-antisemitismus-und-muslimfeindlichkeit-einblicke-herausforderungen-und-die-suche-nach-gesellschaftlichem-frieden\/","title":{"rendered":"Deutsche Islam Konferenz: Fachtagung zu Antisemitismus und Muslimfeindlichkeit &#8211; Einblicke, Herausforderungen und die Suche nach gesellschaftlichem Frieden"},"content":{"rendered":"\n<p>Am 21. und 22. November fand die Fachtagung der Deutschen Islam Konferenz #DIK zum Thema #Antisemitismus und #Muslimfeindlichkeit statt, an der auch wir teilgenommen haben.<br>Die Veranstaltung war begleitet von Impulsbeitr\u00e4gen und Podiumsdiskussionen, zB. zum Bericht des Unabh\u00e4ngigen Expertenkreises Muslimfeindlichkeit #UEM und zur aktuellen Konfliktsituation im Nahen Osten.<br>Es wurde viel \u00fcber die Bedeutung von Antisemitismus und Muslimfeindlichkeit f\u00fcr die deutsche Gesellschft gesprochen.<br>Auf der einen Seite sind Rassismus und Anfeindungen f\u00fcr J\u00fcdinnen und Juden nach wie vor eine Alltagserfahrung. #niewiederistjetzt<br>Gleichzeitig zeigt der Bericht des UEM, dass ein Informationsmangel \u00fcber die #Vielfalt des Islams in Deutschland herrscht und Muslimfeindlichkeit sich auf nahezu alle Lebensbereiche, wie den Arbeits- oder Wohnungsmarkt, negativ auswirkt.<br>Expert:innen stellten dar, dass gruppenbezogene Menschenfeindlichkeit die Betroffenen k\u00f6rperlisch und psychisch beeintr\u00e4chtigt, was gesundheitliche Folgen wie Stress, R\u00fcckzug oder sogar Desintegration als Folge haben kann.<br>Rassismus, Antisemitismus und Muslimfeindlichkeit gehen uns alle an, und deren Bek\u00e4mpfung ist eine gesamtgesellschaftliche Aufgabe. MTO vertritt die Lehren des Islamischen Sufismus. An den MTO Lehrsitzungen nehmen weltweit aber nicht nur Menschen muslimischen Glaubens, sondern auch eine christliche und j\u00fcdische Sch\u00fclerschaft teil. In diesen herausfordernden Zeiten f\u00fcr die Menschheit ist es wichtig, die Einheit der Botschaft der Propheten als Lehrer ihrer Zeit in den Vordergrund zu stellen. Aus Sicht des #Sufismus kann gesellschaftlicher Frieden erst erreicht werden, wenn jeder Mensch #Frieden und #Gleichgewicht in sich selbst gefunden hat.<\/p>\n\n\n\n<figure class=\"wp-block-gallery has-nested-images columns-default is-cropped wp-block-gallery-1 is-layout-flex wp-block-gallery-is-layout-flex\">\n<figure class=\"wp-block-image size-large\"><img loading=\"lazy\" decoding=\"async\" width=\"819\" height=\"1024\" data-id=\"20514\" src=\"https:\/\/mto.org\/wp-content\/uploads\/2023\/12\/DIK-November-23-4-819x1024.jpg\" alt=\"\" class=\"wp-image-20514\" srcset=\"https:\/\/mto.org\/wp-content\/uploads\/2023\/12\/DIK-November-23-4-819x1024.jpg 819w, https:\/\/mto.org\/wp-content\/uploads\/2023\/12\/DIK-November-23-4-240x300.jpg 240w, https:\/\/mto.org\/wp-content\/uploads\/2023\/12\/DIK-November-23-4-768x960.jpg 768w, https:\/\/mto.org\/wp-content\/uploads\/2023\/12\/DIK-November-23-4-1229x1536.jpg 1229w, https:\/\/mto.org\/wp-content\/uploads\/2023\/12\/DIK-November-23-4-1320x1650.jpg 1320w, https:\/\/mto.org\/wp-content\/uploads\/2023\/12\/DIK-November-23-4.jpg 1440w\" sizes=\"auto, (max-width: 819px) 100vw, 819px\" \/><\/figure>\n\n\n\n<figure class=\"wp-block-image size-large\"><img loading=\"lazy\" decoding=\"async\" width=\"819\" height=\"1024\" data-id=\"20515\" src=\"https:\/\/mto.org\/wp-content\/uploads\/2023\/12\/DIK-November-23-3-819x1024.jpg\" alt=\"\" class=\"wp-image-20515\" srcset=\"https:\/\/mto.org\/wp-content\/uploads\/2023\/12\/DIK-November-23-3-819x1024.jpg 819w, https:\/\/mto.org\/wp-content\/uploads\/2023\/12\/DIK-November-23-3-240x300.jpg 240w, https:\/\/mto.org\/wp-content\/uploads\/2023\/12\/DIK-November-23-3-768x960.jpg 768w, https:\/\/mto.org\/wp-content\/uploads\/2023\/12\/DIK-November-23-3-1229x1536.jpg 1229w, https:\/\/mto.org\/wp-content\/uploads\/2023\/12\/DIK-November-23-3-1320x1650.jpg 1320w, https:\/\/mto.org\/wp-content\/uploads\/2023\/12\/DIK-November-23-3.jpg 1440w\" sizes=\"auto, (max-width: 819px) 100vw, 819px\" \/><\/figure>\n\n\n\n<figure class=\"wp-block-image size-large\"><img loading=\"lazy\" decoding=\"async\" width=\"819\" height=\"1024\" data-id=\"20519\" src=\"https:\/\/mto.org\/wp-content\/uploads\/2023\/12\/DIK-November-23-1-819x1024.jpg\" alt=\"\" class=\"wp-image-20519\" srcset=\"https:\/\/mto.org\/wp-content\/uploads\/2023\/12\/DIK-November-23-1-819x1024.jpg 819w, https:\/\/mto.org\/wp-content\/uploads\/2023\/12\/DIK-November-23-1-240x300.jpg 240w, https:\/\/mto.org\/wp-content\/uploads\/2023\/12\/DIK-November-23-1-768x960.jpg 768w, https:\/\/mto.org\/wp-content\/uploads\/2023\/12\/DIK-November-23-1-1229x1536.jpg 1229w, https:\/\/mto.org\/wp-content\/uploads\/2023\/12\/DIK-November-23-1-1320x1650.jpg 1320w, https:\/\/mto.org\/wp-content\/uploads\/2023\/12\/DIK-November-23-1.jpg 1440w\" sizes=\"auto, (max-width: 819px) 100vw, 819px\" \/><\/figure>\n\n\n\n<figure class=\"wp-block-image size-large\"><img loading=\"lazy\" decoding=\"async\" width=\"819\" height=\"1024\" data-id=\"20522\" src=\"https:\/\/mto.org\/wp-content\/uploads\/2023\/12\/DIK-November-23-2-819x1024.jpg\" alt=\"\" class=\"wp-image-20522\" srcset=\"https:\/\/mto.org\/wp-content\/uploads\/2023\/12\/DIK-November-23-2-819x1024.jpg 819w, https:\/\/mto.org\/wp-content\/uploads\/2023\/12\/DIK-November-23-2-240x300.jpg 240w, https:\/\/mto.org\/wp-content\/uploads\/2023\/12\/DIK-November-23-2-768x960.jpg 768w, https:\/\/mto.org\/wp-content\/uploads\/2023\/12\/DIK-November-23-2-1229x1536.jpg 1229w, https:\/\/mto.org\/wp-content\/uploads\/2023\/12\/DIK-November-23-2-1320x1650.jpg 1320w, https:\/\/mto.org\/wp-content\/uploads\/2023\/12\/DIK-November-23-2.jpg 1440w\" sizes=\"auto, (max-width: 819px) 100vw, 819px\" \/><\/figure>\n<\/figure>\n","protected":false},"excerpt":{"rendered":"<p>Am 21. und 22. November fand die Fachtagung der Deutschen Islam Konferenz #DIK zum Thema #Antisemitismus und #Muslimfeindlichkeit statt, an der auch wir teilgenommen haben.Die Veranstaltung war begleitet von Impulsbeitr\u00e4gen und Podiumsdiskussionen, zB. zum Bericht des Unabh\u00e4ngigen Expertenkreises Muslimfeindlichkeit #UEM&hellip;<\/p>\n","protected":false},"author":2,"featured_media":20509,"comment_status":"open","ping_status":"open","sticky":false,"template":"","format":"standard","meta":{"_EventAllDay":false,"_EventTimezone":"","_EventStartDate":"","_EventEndDate":"","_EventStartDateUTC":"","_EventEndDateUTC":"","_EventShowMap":false,"_EventShowMapLink":false,"_EventURL":"","_EventCost":"","_EventCostDescription":"","_EventCurrencySymbol":"","_EventCurrencyCode":"","_EventCurrencyPosition":"","_EventDateTimeSeparator":"","_EventTimeRangeSeparator":"","_EventOrganizerID":[],"_EventVenueID":[],"_OrganizerEmail":"","_OrganizerPhone":"","_OrganizerWebsite":"","_VenueAddress":"","_VenueCity":"","_VenueCountry":"","_VenueProvince":"","_VenueState":"","_VenueZip":"","_VenuePhone":"","_VenueURL":"","_VenueStateProvince":"","_VenueLat":"","_VenueLng":"","_VenueShowMap":false,"_VenueShowMapLink":false,"footnotes":""},"categories":[576,154],"tags":[],"post_series":[],"class_list":["post-20508","post","type-post","status-publish","format-standard","has-post-thumbnail","hentry","category-berlin","category-dialog-de","entry","has-media"],"yoast_head":"<!-- This site is optimized with the Yoast SEO plugin v24.8.1 - https:\/\/yoast.com\/wordpress\/plugins\/seo\/ -->\n<title>Deutsche Islam Konferenz: Fachtagung zu Antisemitismus und Muslimfeindlichkeit - Einblicke, Herausforderungen und die Suche nach gesellschaftlichem Frieden - MTO Shahmaghsoudi<\/title>\n<meta name=\"robots\" content=\"index, follow, max-snippet:-1, max-image-preview:large, max-video-preview:-1\" \/>\n<link rel=\"canonical\" href=\"https:\/\/mto.org\/de\/deutsche-islam-konferenz-fachtagung-zu-antisemitismus-und-muslimfeindlichkeit-einblicke-herausforderungen-und-die-suche-nach-gesellschaftlichem-frieden\/\" \/>\n<meta property=\"og:locale\" content=\"de_DE\" \/>\n<meta property=\"og:type\" content=\"article\" \/>\n<meta property=\"og:title\" content=\"Deutsche Islam Konferenz: Fachtagung zu Antisemitismus und Muslimfeindlichkeit - Einblicke, Herausforderungen und die Suche nach gesellschaftlichem Frieden - MTO Shahmaghsoudi\" \/>\n<meta property=\"og:description\" content=\"Am 21. und 22. November fand die Fachtagung der Deutschen Islam Konferenz #DIK zum Thema #Antisemitismus und #Muslimfeindlichkeit statt, an der auch wir teilgenommen haben.Die Veranstaltung war begleitet von Impulsbeitr\u00e4gen und Podiumsdiskussionen, zB. zum Bericht des Unabh\u00e4ngigen Expertenkreises Muslimfeindlichkeit #UEM&hellip;\" \/>\n<meta property=\"og:url\" content=\"https:\/\/mto.org\/de\/deutsche-islam-konferenz-fachtagung-zu-antisemitismus-und-muslimfeindlichkeit-einblicke-herausforderungen-und-die-suche-nach-gesellschaftlichem-frieden\/\" \/>\n<meta property=\"og:site_name\" content=\"MTO Shahmaghsoudi\" \/>\n<meta property=\"article:publisher\" content=\"https:\/\/www.facebook.com\/mtoshahmaghsoudi\" \/>\n<meta property=\"article:published_time\" content=\"2023-11-23T20:38:51+00:00\" \/>\n<meta property=\"article:modified_time\" content=\"2023-12-14T09:04:37+00:00\" \/>\n<meta property=\"og:image\" content=\"https:\/\/mto.org\/wp-content\/uploads\/2023\/12\/DIK-November-23-5.jpg\" \/>\n\t<meta property=\"og:image:width\" content=\"1440\" \/>\n\t<meta property=\"og:image:height\" content=\"1800\" \/>\n\t<meta property=\"og:image:type\" content=\"image\/jpeg\" \/>\n<meta name=\"author\" content=\"MTO Redaktion\" \/>\n<meta name=\"twitter:card\" content=\"summary_large_image\" \/>\n<meta name=\"twitter:creator\" content=\"@mtoshahmaghsoud\" \/>\n<meta name=\"twitter:site\" content=\"@mtoshahmaghsoud\" \/>\n<meta name=\"twitter:label1\" content=\"Verfasst von\" \/>\n\t<meta name=\"twitter:data1\" content=\"MTO Redaktion\" \/>\n\t<meta name=\"twitter:label2\" content=\"Gesch\u00e4tzte Lesezeit\" \/>\n\t<meta name=\"twitter:data2\" content=\"3\u00a0Minuten\" \/>\n<script type=\"application\/ld+json\" class=\"yoast-schema-graph\">{\"@context\":\"https:\/\/schema.org\",\"@graph\":[{\"@type\":\"Article\",\"@id\":\"https:\/\/mto.org\/de\/deutsche-islam-konferenz-fachtagung-zu-antisemitismus-und-muslimfeindlichkeit-einblicke-herausforderungen-und-die-suche-nach-gesellschaftlichem-frieden\/#article\",\"isPartOf\":{\"@id\":\"https:\/\/mto.org\/de\/deutsche-islam-konferenz-fachtagung-zu-antisemitismus-und-muslimfeindlichkeit-einblicke-herausforderungen-und-die-suche-nach-gesellschaftlichem-frieden\/\"},\"author\":{\"name\":\"MTO Redaktion\",\"@id\":\"https:\/\/mto.org\/#\/schema\/person\/2f49f86784b3747b47bb554ffd56a975\"},\"headline\":\"Deutsche Islam Konferenz: Fachtagung zu Antisemitismus und Muslimfeindlichkeit &#8211; Einblicke, Herausforderungen und die Suche nach gesellschaftlichem Frieden\",\"datePublished\":\"2023-11-23T20:38:51+00:00\",\"dateModified\":\"2023-12-14T09:04:37+00:00\",\"mainEntityOfPage\":{\"@id\":\"https:\/\/mto.org\/de\/deutsche-islam-konferenz-fachtagung-zu-antisemitismus-und-muslimfeindlichkeit-einblicke-herausforderungen-und-die-suche-nach-gesellschaftlichem-frieden\/\"},\"wordCount\":252,\"commentCount\":0,\"publisher\":{\"@id\":\"https:\/\/mto.org\/#organization\"},\"image\":{\"@id\":\"https:\/\/mto.org\/de\/deutsche-islam-konferenz-fachtagung-zu-antisemitismus-und-muslimfeindlichkeit-einblicke-herausforderungen-und-die-suche-nach-gesellschaftlichem-frieden\/#primaryimage\"},\"thumbnailUrl\":\"https:\/\/mto.org\/wp-content\/uploads\/2023\/12\/DIK-November-23-5.jpg\",\"articleSection\":[\"Berlin\",\"Dialog\"],\"inLanguage\":\"de\",\"potentialAction\":[{\"@type\":\"CommentAction\",\"name\":\"Comment\",\"target\":[\"https:\/\/mto.org\/de\/deutsche-islam-konferenz-fachtagung-zu-antisemitismus-und-muslimfeindlichkeit-einblicke-herausforderungen-und-die-suche-nach-gesellschaftlichem-frieden\/#respond\"]}]},{\"@type\":\"WebPage\",\"@id\":\"https:\/\/mto.org\/de\/deutsche-islam-konferenz-fachtagung-zu-antisemitismus-und-muslimfeindlichkeit-einblicke-herausforderungen-und-die-suche-nach-gesellschaftlichem-frieden\/\",\"url\":\"https:\/\/mto.org\/de\/deutsche-islam-konferenz-fachtagung-zu-antisemitismus-und-muslimfeindlichkeit-einblicke-herausforderungen-und-die-suche-nach-gesellschaftlichem-frieden\/\",\"name\":\"Deutsche Islam Konferenz: Fachtagung zu Antisemitismus und Muslimfeindlichkeit - Einblicke, Herausforderungen und die Suche nach gesellschaftlichem Frieden - MTO Shahmaghsoudi\",\"isPartOf\":{\"@id\":\"https:\/\/mto.org\/#website\"},\"primaryImageOfPage\":{\"@id\":\"https:\/\/mto.org\/de\/deutsche-islam-konferenz-fachtagung-zu-antisemitismus-und-muslimfeindlichkeit-einblicke-herausforderungen-und-die-suche-nach-gesellschaftlichem-frieden\/#primaryimage\"},\"image\":{\"@id\":\"https:\/\/mto.org\/de\/deutsche-islam-konferenz-fachtagung-zu-antisemitismus-und-muslimfeindlichkeit-einblicke-herausforderungen-und-die-suche-nach-gesellschaftlichem-frieden\/#primaryimage\"},\"thumbnailUrl\":\"https:\/\/mto.org\/wp-content\/uploads\/2023\/12\/DIK-November-23-5.jpg\",\"datePublished\":\"2023-11-23T20:38:51+00:00\",\"dateModified\":\"2023-12-14T09:04:37+00:00\",\"breadcrumb\":{\"@id\":\"https:\/\/mto.org\/de\/deutsche-islam-konferenz-fachtagung-zu-antisemitismus-und-muslimfeindlichkeit-einblicke-herausforderungen-und-die-suche-nach-gesellschaftlichem-frieden\/#breadcrumb\"},\"inLanguage\":\"de\",\"potentialAction\":[{\"@type\":\"ReadAction\",\"target\":[\"https:\/\/mto.org\/de\/deutsche-islam-konferenz-fachtagung-zu-antisemitismus-und-muslimfeindlichkeit-einblicke-herausforderungen-und-die-suche-nach-gesellschaftlichem-frieden\/\"]}]},{\"@type\":\"ImageObject\",\"inLanguage\":\"de\",\"@id\":\"https:\/\/mto.org\/de\/deutsche-islam-konferenz-fachtagung-zu-antisemitismus-und-muslimfeindlichkeit-einblicke-herausforderungen-und-die-suche-nach-gesellschaftlichem-frieden\/#primaryimage\",\"url\":\"https:\/\/mto.org\/wp-content\/uploads\/2023\/12\/DIK-November-23-5.jpg\",\"contentUrl\":\"https:\/\/mto.org\/wp-content\/uploads\/2023\/12\/DIK-November-23-5.jpg\",\"width\":1440,\"height\":1800},{\"@type\":\"BreadcrumbList\",\"@id\":\"https:\/\/mto.org\/de\/deutsche-islam-konferenz-fachtagung-zu-antisemitismus-und-muslimfeindlichkeit-einblicke-herausforderungen-und-die-suche-nach-gesellschaftlichem-frieden\/#breadcrumb\",\"itemListElement\":[{\"@type\":\"ListItem\",\"position\":1,\"name\":\"Home\",\"item\":\"https:\/\/mto.org\/de\/\"},{\"@type\":\"ListItem\",\"position\":2,\"name\":\"Deutsche Islam Konferenz: Fachtagung zu Antisemitismus und Muslimfeindlichkeit &#8211; Einblicke, Herausforderungen und die Suche nach gesellschaftlichem Frieden\"}]},{\"@type\":\"WebSite\",\"@id\":\"https:\/\/mto.org\/#website\",\"url\":\"https:\/\/mto.org\/\",\"name\":\"MTO Shahmaghsoudi\",\"description\":\"School of Islamic Sufism\",\"publisher\":{\"@id\":\"https:\/\/mto.org\/#organization\"},\"potentialAction\":[{\"@type\":\"SearchAction\",\"target\":{\"@type\":\"EntryPoint\",\"urlTemplate\":\"https:\/\/mto.org\/?s={search_term_string}\"},\"query-input\":{\"@type\":\"PropertyValueSpecification\",\"valueRequired\":true,\"valueName\":\"search_term_string\"}}],\"inLanguage\":\"de\"},{\"@type\":\"Organization\",\"@id\":\"https:\/\/mto.org\/#organization\",\"name\":\"MTO Shahmaghsoudi\",\"url\":\"https:\/\/mto.org\/\",\"logo\":{\"@type\":\"ImageObject\",\"inLanguage\":\"de\",\"@id\":\"https:\/\/mto.org\/#\/schema\/logo\/image\/\",\"url\":\"https:\/\/mto.org\/wp-content\/uploads\/2023\/03\/MTO_LOGO_Header.png\",\"contentUrl\":\"https:\/\/mto.org\/wp-content\/uploads\/2023\/03\/MTO_LOGO_Header.png\",\"width\":200,\"height\":200,\"caption\":\"MTO Shahmaghsoudi\"},\"image\":{\"@id\":\"https:\/\/mto.org\/#\/schema\/logo\/image\/\"},\"sameAs\":[\"https:\/\/www.facebook.com\/mtoshahmaghsoudi\",\"https:\/\/x.com\/mtoshahmaghsoud\",\"https:\/\/www.instagram.com\/mtoshahmaghsoudi\/\"]},{\"@type\":\"Person\",\"@id\":\"https:\/\/mto.org\/#\/schema\/person\/2f49f86784b3747b47bb554ffd56a975\",\"name\":\"MTO Redaktion\",\"image\":{\"@type\":\"ImageObject\",\"inLanguage\":\"de\",\"@id\":\"https:\/\/mto.org\/#\/schema\/person\/image\/\",\"url\":\"https:\/\/secure.gravatar.com\/avatar\/7e3905dd13630f67e3a9ef24bace6be2b009b8f4cb66d44bb6d9580bf3708868?s=96&d=mm&r=g\",\"contentUrl\":\"https:\/\/secure.gravatar.com\/avatar\/7e3905dd13630f67e3a9ef24bace6be2b009b8f4cb66d44bb6d9580bf3708868?s=96&d=mm&r=g\",\"caption\":\"MTO Redaktion\"},\"url\":\"https:\/\/mto.org\/de\/author\/mto-redaktion\/\"}]}<\/script>\n<!-- \/ Yoast SEO plugin. -->","yoast_head_json":{"title":"Deutsche Islam Konferenz: Fachtagung zu Antisemitismus und Muslimfeindlichkeit - Einblicke, Herausforderungen und die Suche nach gesellschaftlichem Frieden - MTO Shahmaghsoudi","robots":{"index":"index","follow":"follow","max-snippet":"max-snippet:-1","max-image-preview":"max-image-preview:large","max-video-preview":"max-video-preview:-1"},"canonical":"https:\/\/mto.org\/de\/deutsche-islam-konferenz-fachtagung-zu-antisemitismus-und-muslimfeindlichkeit-einblicke-herausforderungen-und-die-suche-nach-gesellschaftlichem-frieden\/","og_locale":"de_DE","og_type":"article","og_title":"Deutsche Islam Konferenz: Fachtagung zu Antisemitismus und Muslimfeindlichkeit - Einblicke, Herausforderungen und die Suche nach gesellschaftlichem Frieden - MTO Shahmaghsoudi","og_description":"Am 21. und 22. November fand die Fachtagung der Deutschen Islam Konferenz #DIK zum Thema #Antisemitismus und #Muslimfeindlichkeit statt, an der auch wir teilgenommen haben.Die Veranstaltung war begleitet von Impulsbeitr\u00e4gen und Podiumsdiskussionen, zB. zum Bericht des Unabh\u00e4ngigen Expertenkreises Muslimfeindlichkeit #UEM&hellip;","og_url":"https:\/\/mto.org\/de\/deutsche-islam-konferenz-fachtagung-zu-antisemitismus-und-muslimfeindlichkeit-einblicke-herausforderungen-und-die-suche-nach-gesellschaftlichem-frieden\/","og_site_name":"MTO Shahmaghsoudi","article_publisher":"https:\/\/www.facebook.com\/mtoshahmaghsoudi","article_published_time":"2023-11-23T20:38:51+00:00","article_modified_time":"2023-12-14T09:04:37+00:00","og_image":[{"width":1440,"height":1800,"url":"https:\/\/mto.org\/wp-content\/uploads\/2023\/12\/DIK-November-23-5.jpg","type":"image\/jpeg"}],"author":"MTO Redaktion","twitter_card":"summary_large_image","twitter_creator":"@mtoshahmaghsoud","twitter_site":"@mtoshahmaghsoud","twitter_misc":{"Verfasst von":"MTO Redaktion","Gesch\u00e4tzte Lesezeit":"3\u00a0Minuten"},"schema":{"@context":"https:\/\/schema.org","@graph":[{"@type":"Article","@id":"https:\/\/mto.org\/de\/deutsche-islam-konferenz-fachtagung-zu-antisemitismus-und-muslimfeindlichkeit-einblicke-herausforderungen-und-die-suche-nach-gesellschaftlichem-frieden\/#article","isPartOf":{"@id":"https:\/\/mto.org\/de\/deutsche-islam-konferenz-fachtagung-zu-antisemitismus-und-muslimfeindlichkeit-einblicke-herausforderungen-und-die-suche-nach-gesellschaftlichem-frieden\/"},"author":{"name":"MTO Redaktion","@id":"https:\/\/mto.org\/#\/schema\/person\/2f49f86784b3747b47bb554ffd56a975"},"headline":"Deutsche Islam Konferenz: Fachtagung zu Antisemitismus und Muslimfeindlichkeit &#8211; Einblicke, Herausforderungen und die Suche nach gesellschaftlichem Frieden","datePublished":"2023-11-23T20:38:51+00:00","dateModified":"2023-12-14T09:04:37+00:00","mainEntityOfPage":{"@id":"https:\/\/mto.org\/de\/deutsche-islam-konferenz-fachtagung-zu-antisemitismus-und-muslimfeindlichkeit-einblicke-herausforderungen-und-die-suche-nach-gesellschaftlichem-frieden\/"},"wordCount":252,"commentCount":0,"publisher":{"@id":"https:\/\/mto.org\/#organization"},"image":{"@id":"https:\/\/mto.org\/de\/deutsche-islam-konferenz-fachtagung-zu-antisemitismus-und-muslimfeindlichkeit-einblicke-herausforderungen-und-die-suche-nach-gesellschaftlichem-frieden\/#primaryimage"},"thumbnailUrl":"https:\/\/mto.org\/wp-content\/uploads\/2023\/12\/DIK-November-23-5.jpg","articleSection":["Berlin","Dialog"],"inLanguage":"de","potentialAction":[{"@type":"CommentAction","name":"Comment","target":["https:\/\/mto.org\/de\/deutsche-islam-konferenz-fachtagung-zu-antisemitismus-und-muslimfeindlichkeit-einblicke-herausforderungen-und-die-suche-nach-gesellschaftlichem-frieden\/#respond"]}]},{"@type":"WebPage","@id":"https:\/\/mto.org\/de\/deutsche-islam-konferenz-fachtagung-zu-antisemitismus-und-muslimfeindlichkeit-einblicke-herausforderungen-und-die-suche-nach-gesellschaftlichem-frieden\/","url":"https:\/\/mto.org\/de\/deutsche-islam-konferenz-fachtagung-zu-antisemitismus-und-muslimfeindlichkeit-einblicke-herausforderungen-und-die-suche-nach-gesellschaftlichem-frieden\/","name":"Deutsche Islam Konferenz: Fachtagung zu Antisemitismus und Muslimfeindlichkeit - Einblicke, Herausforderungen und die Suche nach gesellschaftlichem Frieden - MTO Shahmaghsoudi","isPartOf":{"@id":"https:\/\/mto.org\/#website"},"primaryImageOfPage":{"@id":"https:\/\/mto.org\/de\/deutsche-islam-konferenz-fachtagung-zu-antisemitismus-und-muslimfeindlichkeit-einblicke-herausforderungen-und-die-suche-nach-gesellschaftlichem-frieden\/#primaryimage"},"image":{"@id":"https:\/\/mto.org\/de\/deutsche-islam-konferenz-fachtagung-zu-antisemitismus-und-muslimfeindlichkeit-einblicke-herausforderungen-und-die-suche-nach-gesellschaftlichem-frieden\/#primaryimage"},"thumbnailUrl":"https:\/\/mto.org\/wp-content\/uploads\/2023\/12\/DIK-November-23-5.jpg","datePublished":"2023-11-23T20:38:51+00:00","dateModified":"2023-12-14T09:04:37+00:00","breadcrumb":{"@id":"https:\/\/mto.org\/de\/deutsche-islam-konferenz-fachtagung-zu-antisemitismus-und-muslimfeindlichkeit-einblicke-herausforderungen-und-die-suche-nach-gesellschaftlichem-frieden\/#breadcrumb"},"inLanguage":"de","potentialAction":[{"@type":"ReadAction","target":["https:\/\/mto.org\/de\/deutsche-islam-konferenz-fachtagung-zu-antisemitismus-und-muslimfeindlichkeit-einblicke-herausforderungen-und-die-suche-nach-gesellschaftlichem-frieden\/"]}]},{"@type":"ImageObject","inLanguage":"de","@id":"https:\/\/mto.org\/de\/deutsche-islam-konferenz-fachtagung-zu-antisemitismus-und-muslimfeindlichkeit-einblicke-herausforderungen-und-die-suche-nach-gesellschaftlichem-frieden\/#primaryimage","url":"https:\/\/mto.org\/wp-content\/uploads\/2023\/12\/DIK-November-23-5.jpg","contentUrl":"https:\/\/mto.org\/wp-content\/uploads\/2023\/12\/DIK-November-23-5.jpg","width":1440,"height":1800},{"@type":"BreadcrumbList","@id":"https:\/\/mto.org\/de\/deutsche-islam-konferenz-fachtagung-zu-antisemitismus-und-muslimfeindlichkeit-einblicke-herausforderungen-und-die-suche-nach-gesellschaftlichem-frieden\/#breadcrumb","itemListElement":[{"@type":"ListItem","position":1,"name":"Home","item":"https:\/\/mto.org\/de\/"},{"@type":"ListItem","position":2,"name":"Deutsche Islam Konferenz: Fachtagung zu Antisemitismus und Muslimfeindlichkeit &#8211; Einblicke, Herausforderungen und die Suche nach gesellschaftlichem Frieden"}]},{"@type":"WebSite","@id":"https:\/\/mto.org\/#website","url":"https:\/\/mto.org\/","name":"MTO Shahmaghsoudi","description":"School of Islamic Sufism","publisher":{"@id":"https:\/\/mto.org\/#organization"},"potentialAction":[{"@type":"SearchAction","target":{"@type":"EntryPoint","urlTemplate":"https:\/\/mto.org\/?s={search_term_string}"},"query-input":{"@type":"PropertyValueSpecification","valueRequired":true,"valueName":"search_term_string"}}],"inLanguage":"de"},{"@type":"Organization","@id":"https:\/\/mto.org\/#organization","name":"MTO Shahmaghsoudi","url":"https:\/\/mto.org\/","logo":{"@type":"ImageObject","inLanguage":"de","@id":"https:\/\/mto.org\/#\/schema\/logo\/image\/","url":"https:\/\/mto.org\/wp-content\/uploads\/2023\/03\/MTO_LOGO_Header.png","contentUrl":"https:\/\/mto.org\/wp-content\/uploads\/2023\/03\/MTO_LOGO_Header.png","width":200,"height":200,"caption":"MTO Shahmaghsoudi"},"image":{"@id":"https:\/\/mto.org\/#\/schema\/logo\/image\/"},"sameAs":["https:\/\/www.facebook.com\/mtoshahmaghsoudi","https:\/\/x.com\/mtoshahmaghsoud","https:\/\/www.instagram.com\/mtoshahmaghsoudi\/"]},{"@type":"Person","@id":"https:\/\/mto.org\/#\/schema\/person\/2f49f86784b3747b47bb554ffd56a975","name":"MTO Redaktion","image":{"@type":"ImageObject","inLanguage":"de","@id":"https:\/\/mto.org\/#\/schema\/person\/image\/","url":"https:\/\/secure.gravatar.com\/avatar\/7e3905dd13630f67e3a9ef24bace6be2b009b8f4cb66d44bb6d9580bf3708868?s=96&d=mm&r=g","contentUrl":"https:\/\/secure.gravatar.com\/avatar\/7e3905dd13630f67e3a9ef24bace6be2b009b8f4cb66d44bb6d9580bf3708868?s=96&d=mm&r=g","caption":"MTO Redaktion"},"url":"https:\/\/mto.org\/de\/author\/mto-redaktion\/"}]}},"_links":{"self":[{"href":"https:\/\/mto.org\/de\/wp-json\/wp\/v2\/posts\/20508","targetHints":{"allow":["GET"]}}],"collection":[{"href":"https:\/\/mto.org\/de\/wp-json\/wp\/v2\/posts"}],"about":[{"href":"https:\/\/mto.org\/de\/wp-json\/wp\/v2\/types\/post"}],"author":[{"embeddable":true,"href":"https:\/\/mto.org\/de\/wp-json\/wp\/v2\/users\/2"}],"replies":[{"embeddable":true,"href":"https:\/\/mto.org\/de\/wp-json\/wp\/v2\/comments?post=20508"}],"version-history":[{"count":1,"href":"https:\/\/mto.org\/de\/wp-json\/wp\/v2\/posts\/20508\/revisions"}],"predecessor-version":[{"id":20534,"href":"https:\/\/mto.org\/de\/wp-json\/wp\/v2\/posts\/20508\/revisions\/20534"}],"wp:featuredmedia":[{"embeddable":true,"href":"https:\/\/mto.org\/de\/wp-json\/wp\/v2\/media\/20509"}],"wp:attachment":[{"href":"https:\/\/mto.org\/de\/wp-json\/wp\/v2\/media?parent=20508"}],"wp:term":[{"taxonomy":"category","embeddable":true,"href":"https:\/\/mto.org\/de\/wp-json\/wp\/v2\/categories?post=20508"},{"taxonomy":"post_tag","embeddable":true,"href":"https:\/\/mto.org\/de\/wp-json\/wp\/v2\/tags?post=20508"},{"taxonomy":"post_series","embeddable":true,"href":"https:\/\/mto.org\/de\/wp-json\/wp\/v2\/post_series?post=20508"}],"curies":[{"name":"wp","href":"https:\/\/api.w.org\/{rel}","templated":true}]}}