{"id":19419,"date":"2023-06-24T16:00:00","date_gmt":"2023-06-24T14:00:00","guid":{"rendered":"https:\/\/mto.org\/?p=19419"},"modified":"2023-06-25T11:54:40","modified_gmt":"2023-06-25T09:54:40","slug":"weltgefluechtetentag-in-duesseldorf","status":"publish","type":"post","link":"https:\/\/mto.org\/de\/weltgefluechtetentag-in-duesseldorf\/","title":{"rendered":"Weltgefl\u00fcchtetentag in D\u00fcsseldorf"},"content":{"rendered":"\n<p>Anl\u00e4sslich des Weltgefl\u00fcchtetentags hat MTO D\u00fcsseldorf gemeinsam mit der Seelsorgeeinheit D\u00fcsseldorfer Rheinbogen am 24.06.23 ein Sommerfest in einem Gefl\u00fcchtetenheim organisiert.<\/p>\n\n\n\n<p>Wir haben den Bewohnern Hot Dogs, Getr\u00e4nke, S\u00fc\u00dfigkeiten, Kinderschminke und Spiele angeboten, um eine fr\u00f6hliche und unvergessliche Erfahrung zu schaffen.<\/p>\n\n\n\n<p>Wir haben das Fest gemeinsam mit den Bewohnern sehr genossen und hoffen aufrichtig, dass die Veranstaltung ihnen Freude und ein Gef\u00fchl von Gemeinschaft gebracht hat. Wir sind dankbar daf\u00fcr, diese Gelegenheit gehabt zu haben und w\u00fcnschen allen Bewohnern viel Gl\u00fcck und Erfolg f\u00fcr die Zukunft!<\/p>\n\n\n\n<p>#ichbinsufi #mtoshahmaghsoudi<\/p>\n\n\n\n<p>#sufismusindeutschland #mtocommunityresponse<\/p>\n\n\n\n<p><\/p>\n\n\n\n<figure class=\"wp-block-gallery has-nested-images columns-default is-cropped wp-block-gallery-1 is-layout-flex wp-block-gallery-is-layout-flex\">\n<figure class=\"wp-block-image size-large\"><img loading=\"lazy\" decoding=\"async\" width=\"1024\" height=\"576\" data-id=\"19420\" src=\"https:\/\/mto.org\/wp-content\/uploads\/2023\/06\/Spendenaktion-Duesseldorf-24.06.23-3-1024x576.jpeg\" alt=\"\" class=\"wp-image-19420\" srcset=\"https:\/\/mto.org\/wp-content\/uploads\/2023\/06\/Spendenaktion-Duesseldorf-24.06.23-3-1024x576.jpeg 1024w, https:\/\/mto.org\/wp-content\/uploads\/2023\/06\/Spendenaktion-Duesseldorf-24.06.23-3-300x169.jpeg 300w, https:\/\/mto.org\/wp-content\/uploads\/2023\/06\/Spendenaktion-Duesseldorf-24.06.23-3-768x432.jpeg 768w, https:\/\/mto.org\/wp-content\/uploads\/2023\/06\/Spendenaktion-Duesseldorf-24.06.23-3-1536x864.jpeg 1536w, https:\/\/mto.org\/wp-content\/uploads\/2023\/06\/Spendenaktion-Duesseldorf-24.06.23-3-2048x1152.jpeg 2048w, https:\/\/mto.org\/wp-content\/uploads\/2023\/06\/Spendenaktion-Duesseldorf-24.06.23-3-1320x743.jpeg 1320w\" sizes=\"auto, (max-width: 1024px) 100vw, 1024px\" \/><\/figure>\n\n\n\n<figure class=\"wp-block-image size-large\"><img loading=\"lazy\" decoding=\"async\" width=\"1024\" height=\"908\" data-id=\"19423\" src=\"https:\/\/mto.org\/wp-content\/uploads\/2023\/06\/Spendenaktion-Duesseldorf-24.06.23-4-1024x908.jpeg\" alt=\"\" class=\"wp-image-19423\" srcset=\"https:\/\/mto.org\/wp-content\/uploads\/2023\/06\/Spendenaktion-Duesseldorf-24.06.23-4-1024x908.jpeg 1024w, https:\/\/mto.org\/wp-content\/uploads\/2023\/06\/Spendenaktion-Duesseldorf-24.06.23-4-300x266.jpeg 300w, https:\/\/mto.org\/wp-content\/uploads\/2023\/06\/Spendenaktion-Duesseldorf-24.06.23-4-768x681.jpeg 768w, https:\/\/mto.org\/wp-content\/uploads\/2023\/06\/Spendenaktion-Duesseldorf-24.06.23-4-1536x1362.jpeg 1536w, https:\/\/mto.org\/wp-content\/uploads\/2023\/06\/Spendenaktion-Duesseldorf-24.06.23-4-2048x1815.jpeg 2048w, https:\/\/mto.org\/wp-content\/uploads\/2023\/06\/Spendenaktion-Duesseldorf-24.06.23-4-1320x1170.jpeg 1320w\" sizes=\"auto, (max-width: 1024px) 100vw, 1024px\" \/><\/figure>\n\n\n\n<figure class=\"wp-block-image size-large\"><img loading=\"lazy\" decoding=\"async\" width=\"1024\" height=\"935\" data-id=\"19426\" src=\"https:\/\/mto.org\/wp-content\/uploads\/2023\/06\/Spendenaktion-Duesseldorf-24.06.23-5-1024x935.jpeg\" alt=\"\" class=\"wp-image-19426\" srcset=\"https:\/\/mto.org\/wp-content\/uploads\/2023\/06\/Spendenaktion-Duesseldorf-24.06.23-5-1024x935.jpeg 1024w, https:\/\/mto.org\/wp-content\/uploads\/2023\/06\/Spendenaktion-Duesseldorf-24.06.23-5-300x274.jpeg 300w, https:\/\/mto.org\/wp-content\/uploads\/2023\/06\/Spendenaktion-Duesseldorf-24.06.23-5-768x702.jpeg 768w, https:\/\/mto.org\/wp-content\/uploads\/2023\/06\/Spendenaktion-Duesseldorf-24.06.23-5-1536x1403.jpeg 1536w, https:\/\/mto.org\/wp-content\/uploads\/2023\/06\/Spendenaktion-Duesseldorf-24.06.23-5-2048x1871.jpeg 2048w, https:\/\/mto.org\/wp-content\/uploads\/2023\/06\/Spendenaktion-Duesseldorf-24.06.23-5-1320x1206.jpeg 1320w\" sizes=\"auto, (max-width: 1024px) 100vw, 1024px\" \/><\/figure>\n<\/figure>\n","protected":false},"excerpt":{"rendered":"<p>Anl\u00e4sslich des Weltgefl\u00fcchtetentags hat MTO D\u00fcsseldorf gemeinsam mit der Seelsorgeeinheit D\u00fcsseldorfer Rheinbogen am 24.06.23 ein Sommerfest in einem Gefl\u00fcchtetenheim organisiert. Wir haben den Bewohnern Hot Dogs, Getr\u00e4nke, S\u00fc\u00dfigkeiten, Kinderschminke und Spiele angeboten, um eine fr\u00f6hliche und unvergessliche Erfahrung zu schaffen.&hellip;<\/p>\n","protected":false},"author":2,"featured_media":19429,"comment_status":"open","ping_status":"open","sticky":false,"template":"","format":"standard","meta":{"_EventAllDay":false,"_EventTimezone":"","_EventStartDate":"","_EventEndDate":"","_EventStartDateUTC":"","_EventEndDateUTC":"","_EventShowMap":false,"_EventShowMapLink":false,"_EventURL":"","_EventCost":"","_EventCostDescription":"","_EventCurrencySymbol":"","_EventCurrencyCode":"","_EventCurrencyPosition":"","_EventDateTimeSeparator":"","_EventTimeRangeSeparator":"","_EventOrganizerID":[],"_EventVenueID":[],"_OrganizerEmail":"","_OrganizerPhone":"","_OrganizerWebsite":"","_VenueAddress":"","_VenueCity":"","_VenueCountry":"","_VenueProvince":"","_VenueState":"","_VenueZip":"","_VenuePhone":"","_VenueURL":"","_VenueStateProvince":"","_VenueLat":"","_VenueLng":"","_VenueShowMap":false,"_VenueShowMapLink":false,"footnotes":""},"categories":[73,42],"tags":[],"post_series":[],"class_list":["post-19419","post","type-post","status-publish","format-standard","has-post-thumbnail","hentry","category-community-support","category-duesseldorf","entry","has-media"],"yoast_head":"<!-- This site is optimized with the Yoast SEO plugin v24.8.1 - https:\/\/yoast.com\/wordpress\/plugins\/seo\/ -->\n<title>Weltgefl\u00fcchtetentag in D\u00fcsseldorf - MTO Shahmaghsoudi<\/title>\n<meta name=\"robots\" content=\"index, follow, max-snippet:-1, max-image-preview:large, max-video-preview:-1\" \/>\n<link rel=\"canonical\" href=\"https:\/\/mto.org\/de\/weltgefluechtetentag-in-duesseldorf\/\" \/>\n<meta property=\"og:locale\" content=\"de_DE\" \/>\n<meta property=\"og:type\" content=\"article\" \/>\n<meta property=\"og:title\" content=\"Weltgefl\u00fcchtetentag in D\u00fcsseldorf - MTO Shahmaghsoudi\" \/>\n<meta property=\"og:description\" content=\"Anl\u00e4sslich des Weltgefl\u00fcchtetentags hat MTO D\u00fcsseldorf gemeinsam mit der Seelsorgeeinheit D\u00fcsseldorfer Rheinbogen am 24.06.23 ein Sommerfest in einem Gefl\u00fcchtetenheim organisiert. Wir haben den Bewohnern Hot Dogs, Getr\u00e4nke, S\u00fc\u00dfigkeiten, Kinderschminke und Spiele angeboten, um eine fr\u00f6hliche und unvergessliche Erfahrung zu schaffen.&hellip;\" \/>\n<meta property=\"og:url\" content=\"https:\/\/mto.org\/de\/weltgefluechtetentag-in-duesseldorf\/\" \/>\n<meta property=\"og:site_name\" content=\"MTO Shahmaghsoudi\" \/>\n<meta property=\"article:publisher\" content=\"https:\/\/www.facebook.com\/mtoshahmaghsoudi\" \/>\n<meta property=\"article:published_time\" content=\"2023-06-24T14:00:00+00:00\" \/>\n<meta property=\"article:modified_time\" content=\"2023-06-25T09:54:40+00:00\" \/>\n<meta property=\"og:image\" content=\"https:\/\/mto.org\/wp-content\/uploads\/2023\/06\/Spendenaktion-Duesseldorf-24.06.23-1-scaled.jpeg\" \/>\n\t<meta property=\"og:image:width\" content=\"2560\" \/>\n\t<meta property=\"og:image:height\" content=\"1920\" \/>\n\t<meta property=\"og:image:type\" content=\"image\/jpeg\" \/>\n<meta name=\"author\" content=\"MTO Redaktion\" \/>\n<meta name=\"twitter:card\" content=\"summary_large_image\" \/>\n<meta name=\"twitter:creator\" content=\"@mtoshahmaghsoud\" \/>\n<meta name=\"twitter:site\" content=\"@mtoshahmaghsoud\" \/>\n<meta name=\"twitter:label1\" content=\"Verfasst von\" \/>\n\t<meta name=\"twitter:data1\" content=\"MTO Redaktion\" \/>\n\t<meta name=\"twitter:label2\" content=\"Gesch\u00e4tzte Lesezeit\" \/>\n\t<meta name=\"twitter:data2\" content=\"2\u00a0Minuten\" \/>\n<script type=\"application\/ld+json\" class=\"yoast-schema-graph\">{\"@context\":\"https:\/\/schema.org\",\"@graph\":[{\"@type\":\"Article\",\"@id\":\"https:\/\/mto.org\/de\/weltgefluechtetentag-in-duesseldorf\/#article\",\"isPartOf\":{\"@id\":\"https:\/\/mto.org\/de\/weltgefluechtetentag-in-duesseldorf\/\"},\"author\":{\"name\":\"MTO Redaktion\",\"@id\":\"https:\/\/mto.org\/#\/schema\/person\/2f49f86784b3747b47bb554ffd56a975\"},\"headline\":\"Weltgefl\u00fcchtetentag in D\u00fcsseldorf\",\"datePublished\":\"2023-06-24T14:00:00+00:00\",\"dateModified\":\"2023-06-25T09:54:40+00:00\",\"mainEntityOfPage\":{\"@id\":\"https:\/\/mto.org\/de\/weltgefluechtetentag-in-duesseldorf\/\"},\"wordCount\":106,\"commentCount\":0,\"publisher\":{\"@id\":\"https:\/\/mto.org\/#organization\"},\"image\":{\"@id\":\"https:\/\/mto.org\/de\/weltgefluechtetentag-in-duesseldorf\/#primaryimage\"},\"thumbnailUrl\":\"https:\/\/mto.org\/wp-content\/uploads\/2023\/06\/Spendenaktion-Duesseldorf-24.06.23-1-scaled.jpeg\",\"articleSection\":[\"Community Support\",\"D\u00fcsseldorf\"],\"inLanguage\":\"de\",\"potentialAction\":[{\"@type\":\"CommentAction\",\"name\":\"Comment\",\"target\":[\"https:\/\/mto.org\/de\/weltgefluechtetentag-in-duesseldorf\/#respond\"]}]},{\"@type\":\"WebPage\",\"@id\":\"https:\/\/mto.org\/de\/weltgefluechtetentag-in-duesseldorf\/\",\"url\":\"https:\/\/mto.org\/de\/weltgefluechtetentag-in-duesseldorf\/\",\"name\":\"Weltgefl\u00fcchtetentag in D\u00fcsseldorf - MTO Shahmaghsoudi\",\"isPartOf\":{\"@id\":\"https:\/\/mto.org\/#website\"},\"primaryImageOfPage\":{\"@id\":\"https:\/\/mto.org\/de\/weltgefluechtetentag-in-duesseldorf\/#primaryimage\"},\"image\":{\"@id\":\"https:\/\/mto.org\/de\/weltgefluechtetentag-in-duesseldorf\/#primaryimage\"},\"thumbnailUrl\":\"https:\/\/mto.org\/wp-content\/uploads\/2023\/06\/Spendenaktion-Duesseldorf-24.06.23-1-scaled.jpeg\",\"datePublished\":\"2023-06-24T14:00:00+00:00\",\"dateModified\":\"2023-06-25T09:54:40+00:00\",\"breadcrumb\":{\"@id\":\"https:\/\/mto.org\/de\/weltgefluechtetentag-in-duesseldorf\/#breadcrumb\"},\"inLanguage\":\"de\",\"potentialAction\":[{\"@type\":\"ReadAction\",\"target\":[\"https:\/\/mto.org\/de\/weltgefluechtetentag-in-duesseldorf\/\"]}]},{\"@type\":\"ImageObject\",\"inLanguage\":\"de\",\"@id\":\"https:\/\/mto.org\/de\/weltgefluechtetentag-in-duesseldorf\/#primaryimage\",\"url\":\"https:\/\/mto.org\/wp-content\/uploads\/2023\/06\/Spendenaktion-Duesseldorf-24.06.23-1-scaled.jpeg\",\"contentUrl\":\"https:\/\/mto.org\/wp-content\/uploads\/2023\/06\/Spendenaktion-Duesseldorf-24.06.23-1-scaled.jpeg\",\"width\":2560,\"height\":1920},{\"@type\":\"BreadcrumbList\",\"@id\":\"https:\/\/mto.org\/de\/weltgefluechtetentag-in-duesseldorf\/#breadcrumb\",\"itemListElement\":[{\"@type\":\"ListItem\",\"position\":1,\"name\":\"Home\",\"item\":\"https:\/\/mto.org\/de\/\"},{\"@type\":\"ListItem\",\"position\":2,\"name\":\"Weltgefl\u00fcchtetentag in D\u00fcsseldorf\"}]},{\"@type\":\"WebSite\",\"@id\":\"https:\/\/mto.org\/#website\",\"url\":\"https:\/\/mto.org\/\",\"name\":\"MTO Shahmaghsoudi\",\"description\":\"School of Islamic Sufism\",\"publisher\":{\"@id\":\"https:\/\/mto.org\/#organization\"},\"potentialAction\":[{\"@type\":\"SearchAction\",\"target\":{\"@type\":\"EntryPoint\",\"urlTemplate\":\"https:\/\/mto.org\/?s={search_term_string}\"},\"query-input\":{\"@type\":\"PropertyValueSpecification\",\"valueRequired\":true,\"valueName\":\"search_term_string\"}}],\"inLanguage\":\"de\"},{\"@type\":\"Organization\",\"@id\":\"https:\/\/mto.org\/#organization\",\"name\":\"MTO Shahmaghsoudi\",\"url\":\"https:\/\/mto.org\/\",\"logo\":{\"@type\":\"ImageObject\",\"inLanguage\":\"de\",\"@id\":\"https:\/\/mto.org\/#\/schema\/logo\/image\/\",\"url\":\"https:\/\/mto.org\/wp-content\/uploads\/2023\/03\/MTO_LOGO_Header.png\",\"contentUrl\":\"https:\/\/mto.org\/wp-content\/uploads\/2023\/03\/MTO_LOGO_Header.png\",\"width\":200,\"height\":200,\"caption\":\"MTO Shahmaghsoudi\"},\"image\":{\"@id\":\"https:\/\/mto.org\/#\/schema\/logo\/image\/\"},\"sameAs\":[\"https:\/\/www.facebook.com\/mtoshahmaghsoudi\",\"https:\/\/x.com\/mtoshahmaghsoud\",\"https:\/\/www.instagram.com\/mtoshahmaghsoudi\/\"]},{\"@type\":\"Person\",\"@id\":\"https:\/\/mto.org\/#\/schema\/person\/2f49f86784b3747b47bb554ffd56a975\",\"name\":\"MTO Redaktion\",\"image\":{\"@type\":\"ImageObject\",\"inLanguage\":\"de\",\"@id\":\"https:\/\/mto.org\/#\/schema\/person\/image\/\",\"url\":\"https:\/\/secure.gravatar.com\/avatar\/7e3905dd13630f67e3a9ef24bace6be2b009b8f4cb66d44bb6d9580bf3708868?s=96&d=mm&r=g\",\"contentUrl\":\"https:\/\/secure.gravatar.com\/avatar\/7e3905dd13630f67e3a9ef24bace6be2b009b8f4cb66d44bb6d9580bf3708868?s=96&d=mm&r=g\",\"caption\":\"MTO Redaktion\"},\"url\":\"https:\/\/mto.org\/de\/author\/mto-redaktion\/\"}]}<\/script>\n<!-- \/ Yoast SEO plugin. -->","yoast_head_json":{"title":"Weltgefl\u00fcchtetentag in D\u00fcsseldorf - MTO Shahmaghsoudi","robots":{"index":"index","follow":"follow","max-snippet":"max-snippet:-1","max-image-preview":"max-image-preview:large","max-video-preview":"max-video-preview:-1"},"canonical":"https:\/\/mto.org\/de\/weltgefluechtetentag-in-duesseldorf\/","og_locale":"de_DE","og_type":"article","og_title":"Weltgefl\u00fcchtetentag in D\u00fcsseldorf - MTO Shahmaghsoudi","og_description":"Anl\u00e4sslich des Weltgefl\u00fcchtetentags hat MTO D\u00fcsseldorf gemeinsam mit der Seelsorgeeinheit D\u00fcsseldorfer Rheinbogen am 24.06.23 ein Sommerfest in einem Gefl\u00fcchtetenheim organisiert. Wir haben den Bewohnern Hot Dogs, Getr\u00e4nke, S\u00fc\u00dfigkeiten, Kinderschminke und Spiele angeboten, um eine fr\u00f6hliche und unvergessliche Erfahrung zu schaffen.&hellip;","og_url":"https:\/\/mto.org\/de\/weltgefluechtetentag-in-duesseldorf\/","og_site_name":"MTO Shahmaghsoudi","article_publisher":"https:\/\/www.facebook.com\/mtoshahmaghsoudi","article_published_time":"2023-06-24T14:00:00+00:00","article_modified_time":"2023-06-25T09:54:40+00:00","og_image":[{"width":2560,"height":1920,"url":"https:\/\/mto.org\/wp-content\/uploads\/2023\/06\/Spendenaktion-Duesseldorf-24.06.23-1-scaled.jpeg","type":"image\/jpeg"}],"author":"MTO Redaktion","twitter_card":"summary_large_image","twitter_creator":"@mtoshahmaghsoud","twitter_site":"@mtoshahmaghsoud","twitter_misc":{"Verfasst von":"MTO Redaktion","Gesch\u00e4tzte Lesezeit":"2\u00a0Minuten"},"schema":{"@context":"https:\/\/schema.org","@graph":[{"@type":"Article","@id":"https:\/\/mto.org\/de\/weltgefluechtetentag-in-duesseldorf\/#article","isPartOf":{"@id":"https:\/\/mto.org\/de\/weltgefluechtetentag-in-duesseldorf\/"},"author":{"name":"MTO Redaktion","@id":"https:\/\/mto.org\/#\/schema\/person\/2f49f86784b3747b47bb554ffd56a975"},"headline":"Weltgefl\u00fcchtetentag in D\u00fcsseldorf","datePublished":"2023-06-24T14:00:00+00:00","dateModified":"2023-06-25T09:54:40+00:00","mainEntityOfPage":{"@id":"https:\/\/mto.org\/de\/weltgefluechtetentag-in-duesseldorf\/"},"wordCount":106,"commentCount":0,"publisher":{"@id":"https:\/\/mto.org\/#organization"},"image":{"@id":"https:\/\/mto.org\/de\/weltgefluechtetentag-in-duesseldorf\/#primaryimage"},"thumbnailUrl":"https:\/\/mto.org\/wp-content\/uploads\/2023\/06\/Spendenaktion-Duesseldorf-24.06.23-1-scaled.jpeg","articleSection":["Community Support","D\u00fcsseldorf"],"inLanguage":"de","potentialAction":[{"@type":"CommentAction","name":"Comment","target":["https:\/\/mto.org\/de\/weltgefluechtetentag-in-duesseldorf\/#respond"]}]},{"@type":"WebPage","@id":"https:\/\/mto.org\/de\/weltgefluechtetentag-in-duesseldorf\/","url":"https:\/\/mto.org\/de\/weltgefluechtetentag-in-duesseldorf\/","name":"Weltgefl\u00fcchtetentag in D\u00fcsseldorf - MTO Shahmaghsoudi","isPartOf":{"@id":"https:\/\/mto.org\/#website"},"primaryImageOfPage":{"@id":"https:\/\/mto.org\/de\/weltgefluechtetentag-in-duesseldorf\/#primaryimage"},"image":{"@id":"https:\/\/mto.org\/de\/weltgefluechtetentag-in-duesseldorf\/#primaryimage"},"thumbnailUrl":"https:\/\/mto.org\/wp-content\/uploads\/2023\/06\/Spendenaktion-Duesseldorf-24.06.23-1-scaled.jpeg","datePublished":"2023-06-24T14:00:00+00:00","dateModified":"2023-06-25T09:54:40+00:00","breadcrumb":{"@id":"https:\/\/mto.org\/de\/weltgefluechtetentag-in-duesseldorf\/#breadcrumb"},"inLanguage":"de","potentialAction":[{"@type":"ReadAction","target":["https:\/\/mto.org\/de\/weltgefluechtetentag-in-duesseldorf\/"]}]},{"@type":"ImageObject","inLanguage":"de","@id":"https:\/\/mto.org\/de\/weltgefluechtetentag-in-duesseldorf\/#primaryimage","url":"https:\/\/mto.org\/wp-content\/uploads\/2023\/06\/Spendenaktion-Duesseldorf-24.06.23-1-scaled.jpeg","contentUrl":"https:\/\/mto.org\/wp-content\/uploads\/2023\/06\/Spendenaktion-Duesseldorf-24.06.23-1-scaled.jpeg","width":2560,"height":1920},{"@type":"BreadcrumbList","@id":"https:\/\/mto.org\/de\/weltgefluechtetentag-in-duesseldorf\/#breadcrumb","itemListElement":[{"@type":"ListItem","position":1,"name":"Home","item":"https:\/\/mto.org\/de\/"},{"@type":"ListItem","position":2,"name":"Weltgefl\u00fcchtetentag in D\u00fcsseldorf"}]},{"@type":"WebSite","@id":"https:\/\/mto.org\/#website","url":"https:\/\/mto.org\/","name":"MTO Shahmaghsoudi","description":"School of Islamic Sufism","publisher":{"@id":"https:\/\/mto.org\/#organization"},"potentialAction":[{"@type":"SearchAction","target":{"@type":"EntryPoint","urlTemplate":"https:\/\/mto.org\/?s={search_term_string}"},"query-input":{"@type":"PropertyValueSpecification","valueRequired":true,"valueName":"search_term_string"}}],"inLanguage":"de"},{"@type":"Organization","@id":"https:\/\/mto.org\/#organization","name":"MTO Shahmaghsoudi","url":"https:\/\/mto.org\/","logo":{"@type":"ImageObject","inLanguage":"de","@id":"https:\/\/mto.org\/#\/schema\/logo\/image\/","url":"https:\/\/mto.org\/wp-content\/uploads\/2023\/03\/MTO_LOGO_Header.png","contentUrl":"https:\/\/mto.org\/wp-content\/uploads\/2023\/03\/MTO_LOGO_Header.png","width":200,"height":200,"caption":"MTO Shahmaghsoudi"},"image":{"@id":"https:\/\/mto.org\/#\/schema\/logo\/image\/"},"sameAs":["https:\/\/www.facebook.com\/mtoshahmaghsoudi","https:\/\/x.com\/mtoshahmaghsoud","https:\/\/www.instagram.com\/mtoshahmaghsoudi\/"]},{"@type":"Person","@id":"https:\/\/mto.org\/#\/schema\/person\/2f49f86784b3747b47bb554ffd56a975","name":"MTO Redaktion","image":{"@type":"ImageObject","inLanguage":"de","@id":"https:\/\/mto.org\/#\/schema\/person\/image\/","url":"https:\/\/secure.gravatar.com\/avatar\/7e3905dd13630f67e3a9ef24bace6be2b009b8f4cb66d44bb6d9580bf3708868?s=96&d=mm&r=g","contentUrl":"https:\/\/secure.gravatar.com\/avatar\/7e3905dd13630f67e3a9ef24bace6be2b009b8f4cb66d44bb6d9580bf3708868?s=96&d=mm&r=g","caption":"MTO Redaktion"},"url":"https:\/\/mto.org\/de\/author\/mto-redaktion\/"}]}},"_links":{"self":[{"href":"https:\/\/mto.org\/de\/wp-json\/wp\/v2\/posts\/19419","targetHints":{"allow":["GET"]}}],"collection":[{"href":"https:\/\/mto.org\/de\/wp-json\/wp\/v2\/posts"}],"about":[{"href":"https:\/\/mto.org\/de\/wp-json\/wp\/v2\/types\/post"}],"author":[{"embeddable":true,"href":"https:\/\/mto.org\/de\/wp-json\/wp\/v2\/users\/2"}],"replies":[{"embeddable":true,"href":"https:\/\/mto.org\/de\/wp-json\/wp\/v2\/comments?post=19419"}],"version-history":[{"count":1,"href":"https:\/\/mto.org\/de\/wp-json\/wp\/v2\/posts\/19419\/revisions"}],"predecessor-version":[{"id":19432,"href":"https:\/\/mto.org\/de\/wp-json\/wp\/v2\/posts\/19419\/revisions\/19432"}],"wp:featuredmedia":[{"embeddable":true,"href":"https:\/\/mto.org\/de\/wp-json\/wp\/v2\/media\/19429"}],"wp:attachment":[{"href":"https:\/\/mto.org\/de\/wp-json\/wp\/v2\/media?parent=19419"}],"wp:term":[{"taxonomy":"category","embeddable":true,"href":"https:\/\/mto.org\/de\/wp-json\/wp\/v2\/categories?post=19419"},{"taxonomy":"post_tag","embeddable":true,"href":"https:\/\/mto.org\/de\/wp-json\/wp\/v2\/tags?post=19419"},{"taxonomy":"post_series","embeddable":true,"href":"https:\/\/mto.org\/de\/wp-json\/wp\/v2\/post_series?post=19419"}],"curies":[{"name":"wp","href":"https:\/\/api.w.org\/{rel}","templated":true}]}}