{"id":17977,"date":"2023-05-04T11:12:42","date_gmt":"2023-05-04T11:12:42","guid":{"rendered":"https:\/\/germany.mto.org\/?p=4709"},"modified":"2023-05-08T12:52:50","modified_gmt":"2023-05-08T10:52:50","slug":"spendenaktion-zum-eid-al-fetr-in-frankfurt","status":"publish","type":"post","link":"https:\/\/mto.org\/de\/spendenaktion-zum-eid-al-fetr-in-frankfurt\/","title":{"rendered":"Spendenaktion zum Eid-al-Fetr in Frankfurt"},"content":{"rendered":"\n<p>Anl\u00e4sslich des Fest des Fastenbrechens \u201eEid Fitr\u201c, unterst\u00fctzten wir heute die von Caritas Frauenhaus versorgten Bewohnerinnen mit 30 Hygieneartikel-T\u00fcten. Die Interaktion mit dem Cartias war sehr sch\u00f6n und die Freude \u00fcber die Hygieneartikeln sehr gro\u00df. Wir m\u00f6chten der Caritas f\u00fcr die Zusammenarbeit danken und freuen uns auf die n\u00e4chsten Aktivit\u00e4ten.<\/p>\n\n\n\n<p><a class=\"x1i10hfl xjbqb8w x6umtig x1b1mbwd xaqea5y xav7gou x9f619 x1ypdohk xt0psk2 xe8uvvx xdj266r x11i5rnm xat24cr x1mh8g0r xexx8yu x4uap5 x18d9i69 xkhd6sd x16tdsg8 x1hl2dhg xggy1nq x1a2a7pz _aa9_ _a6hd\" role=\"link\" href=\"https:\/\/www.instagram.com\/explore\/tags\/mtocommunityresponse\/\">#mtocommunityresponse<\/a>&nbsp;<a class=\"x1i10hfl xjbqb8w x6umtig x1b1mbwd xaqea5y xav7gou x9f619 x1ypdohk xt0psk2 xe8uvvx xdj266r x11i5rnm xat24cr x1mh8g0r xexx8yu x4uap5 x18d9i69 xkhd6sd x16tdsg8 x1hl2dhg xggy1nq x1a2a7pz _aa9_ _a6hd\" role=\"link\" href=\"https:\/\/www.instagram.com\/explore\/tags\/mtocharity\/\">#mtocharity<\/a>&nbsp;<a class=\"x1i10hfl xjbqb8w x6umtig x1b1mbwd xaqea5y xav7gou x9f619 x1ypdohk xt0psk2 xe8uvvx xdj266r x11i5rnm xat24cr x1mh8g0r xexx8yu x4uap5 x18d9i69 xkhd6sd x16tdsg8 x1hl2dhg xggy1nq x1a2a7pz _aa9_ _a6hd\" role=\"link\" href=\"https:\/\/www.instagram.com\/explore\/tags\/eidfitr\/\">#eidfitr<\/a>&nbsp;<a class=\"x1i10hfl xjbqb8w x6umtig x1b1mbwd xaqea5y xav7gou x9f619 x1ypdohk xt0psk2 xe8uvvx xdj266r x11i5rnm xat24cr x1mh8g0r xexx8yu x4uap5 x18d9i69 xkhd6sd x16tdsg8 x1hl2dhg xggy1nq x1a2a7pz _aa9_ _a6hd\" role=\"link\" href=\"https:\/\/www.instagram.com\/explore\/tags\/sufismusindeutschland\/\">#sufismusindeutschland<\/a>&nbsp;<a class=\"x1i10hfl xjbqb8w x6umtig x1b1mbwd xaqea5y xav7gou x9f619 x1ypdohk xt0psk2 xe8uvvx xdj266r x11i5rnm xat24cr x1mh8g0r xexx8yu x4uap5 x18d9i69 xkhd6sd x16tdsg8 x1hl2dhg xggy1nq x1a2a7pz _aa9_ _a6hd\" role=\"link\" href=\"https:\/\/www.instagram.com\/explore\/tags\/ichbinsufi\/\">#ichbinsufi<\/a><\/p>\n","protected":false},"excerpt":{"rendered":"<p>Anl\u00e4sslich des Fest des Fastenbrechens \u201eEid Fitr\u201c, unterst\u00fctzten wir heute die von Caritas Frauenhaus versorgten Bewohnerinnen mit 30 Hygieneartikel-T\u00fcten. Die Interaktion mit dem Cartias war sehr sch\u00f6n und die Freude \u00fcber die Hygieneartikeln sehr gro\u00df. Wir m\u00f6chten der Caritas f\u00fcr&hellip;<\/p>\n","protected":false},"author":2,"featured_media":17947,"comment_status":"closed","ping_status":"open","sticky":false,"template":"","format":"standard","meta":{"_EventAllDay":false,"_EventTimezone":"","_EventStartDate":"","_EventEndDate":"","_EventStartDateUTC":"","_EventEndDateUTC":"","_EventShowMap":false,"_EventShowMapLink":false,"_EventURL":"","_EventCost":"","_EventCostDescription":"","_EventCurrencySymbol":"","_EventCurrencyCode":"","_EventCurrencyPosition":"","_EventDateTimeSeparator":"","_EventTimeRangeSeparator":"","_EventOrganizerID":[],"_EventVenueID":[],"_OrganizerEmail":"","_OrganizerPhone":"","_OrganizerWebsite":"","_VenueAddress":"","_VenueCity":"","_VenueCountry":"","_VenueProvince":"","_VenueState":"","_VenueZip":"","_VenuePhone":"","_VenueURL":"","_VenueStateProvince":"","_VenueLat":"","_VenueLng":"","_VenueShowMap":false,"_VenueShowMapLink":false,"footnotes":""},"categories":[73,39],"tags":[],"post_series":[],"class_list":["post-17977","post","type-post","status-publish","format-standard","has-post-thumbnail","hentry","category-community-support","category-frankfurt","entry","has-media"],"yoast_head":"<!-- This site is optimized with the Yoast SEO plugin v24.8.1 - https:\/\/yoast.com\/wordpress\/plugins\/seo\/ -->\n<title>Spendenaktion zum Eid-al-Fetr in Frankfurt - MTO Shahmaghsoudi<\/title>\n<meta name=\"robots\" content=\"index, follow, max-snippet:-1, max-image-preview:large, max-video-preview:-1\" \/>\n<link rel=\"canonical\" href=\"https:\/\/mto.org\/de\/spendenaktion-zum-eid-al-fetr-in-frankfurt\/\" \/>\n<meta property=\"og:locale\" content=\"de_DE\" \/>\n<meta property=\"og:type\" content=\"article\" \/>\n<meta property=\"og:title\" content=\"Spendenaktion zum Eid-al-Fetr in Frankfurt - MTO Shahmaghsoudi\" \/>\n<meta property=\"og:description\" content=\"Anl\u00e4sslich des Fest des Fastenbrechens \u201eEid Fitr\u201c, unterst\u00fctzten wir heute die von Caritas Frauenhaus versorgten Bewohnerinnen mit 30 Hygieneartikel-T\u00fcten. Die Interaktion mit dem Cartias war sehr sch\u00f6n und die Freude \u00fcber die Hygieneartikeln sehr gro\u00df. Wir m\u00f6chten der Caritas f\u00fcr&hellip;\" \/>\n<meta property=\"og:url\" content=\"https:\/\/mto.org\/de\/spendenaktion-zum-eid-al-fetr-in-frankfurt\/\" \/>\n<meta property=\"og:site_name\" content=\"MTO Shahmaghsoudi\" \/>\n<meta property=\"article:publisher\" content=\"https:\/\/www.facebook.com\/mtoshahmaghsoudi\" \/>\n<meta property=\"article:published_time\" content=\"2023-05-04T11:12:42+00:00\" \/>\n<meta property=\"article:modified_time\" content=\"2023-05-08T10:52:50+00:00\" \/>\n<meta property=\"og:image\" content=\"https:\/\/mto.org\/wp-content\/uploads\/2023\/05\/Charity-Aktion-Frankfurt-April-2023-2.jpg\" \/>\n\t<meta property=\"og:image:width\" content=\"1600\" \/>\n\t<meta property=\"og:image:height\" content=\"910\" \/>\n\t<meta property=\"og:image:type\" content=\"image\/jpeg\" \/>\n<meta name=\"author\" content=\"MTO Redaktion\" \/>\n<meta name=\"twitter:card\" content=\"summary_large_image\" \/>\n<meta name=\"twitter:creator\" content=\"@mtoshahmaghsoud\" \/>\n<meta name=\"twitter:site\" content=\"@mtoshahmaghsoud\" \/>\n<meta name=\"twitter:label1\" content=\"Verfasst von\" \/>\n\t<meta name=\"twitter:data1\" content=\"MTO Redaktion\" \/>\n<script type=\"application\/ld+json\" class=\"yoast-schema-graph\">{\"@context\":\"https:\/\/schema.org\",\"@graph\":[{\"@type\":\"Article\",\"@id\":\"https:\/\/mto.org\/de\/spendenaktion-zum-eid-al-fetr-in-frankfurt\/#article\",\"isPartOf\":{\"@id\":\"https:\/\/mto.org\/de\/spendenaktion-zum-eid-al-fetr-in-frankfurt\/\"},\"author\":{\"name\":\"MTO Redaktion\",\"@id\":\"https:\/\/mto.org\/#\/schema\/person\/2f49f86784b3747b47bb554ffd56a975\"},\"headline\":\"Spendenaktion zum Eid-al-Fetr in Frankfurt\",\"datePublished\":\"2023-05-04T11:12:42+00:00\",\"dateModified\":\"2023-05-08T10:52:50+00:00\",\"mainEntityOfPage\":{\"@id\":\"https:\/\/mto.org\/de\/spendenaktion-zum-eid-al-fetr-in-frankfurt\/\"},\"wordCount\":71,\"publisher\":{\"@id\":\"https:\/\/mto.org\/#organization\"},\"image\":{\"@id\":\"https:\/\/mto.org\/de\/spendenaktion-zum-eid-al-fetr-in-frankfurt\/#primaryimage\"},\"thumbnailUrl\":\"https:\/\/mto.org\/wp-content\/uploads\/2023\/05\/Charity-Aktion-Frankfurt-April-2023-2.jpg\",\"articleSection\":[\"Community Support\",\"Frankfurt\"],\"inLanguage\":\"de\"},{\"@type\":\"WebPage\",\"@id\":\"https:\/\/mto.org\/de\/spendenaktion-zum-eid-al-fetr-in-frankfurt\/\",\"url\":\"https:\/\/mto.org\/de\/spendenaktion-zum-eid-al-fetr-in-frankfurt\/\",\"name\":\"Spendenaktion zum Eid-al-Fetr in Frankfurt - MTO Shahmaghsoudi\",\"isPartOf\":{\"@id\":\"https:\/\/mto.org\/#website\"},\"primaryImageOfPage\":{\"@id\":\"https:\/\/mto.org\/de\/spendenaktion-zum-eid-al-fetr-in-frankfurt\/#primaryimage\"},\"image\":{\"@id\":\"https:\/\/mto.org\/de\/spendenaktion-zum-eid-al-fetr-in-frankfurt\/#primaryimage\"},\"thumbnailUrl\":\"https:\/\/mto.org\/wp-content\/uploads\/2023\/05\/Charity-Aktion-Frankfurt-April-2023-2.jpg\",\"datePublished\":\"2023-05-04T11:12:42+00:00\",\"dateModified\":\"2023-05-08T10:52:50+00:00\",\"breadcrumb\":{\"@id\":\"https:\/\/mto.org\/de\/spendenaktion-zum-eid-al-fetr-in-frankfurt\/#breadcrumb\"},\"inLanguage\":\"de\",\"potentialAction\":[{\"@type\":\"ReadAction\",\"target\":[\"https:\/\/mto.org\/de\/spendenaktion-zum-eid-al-fetr-in-frankfurt\/\"]}]},{\"@type\":\"ImageObject\",\"inLanguage\":\"de\",\"@id\":\"https:\/\/mto.org\/de\/spendenaktion-zum-eid-al-fetr-in-frankfurt\/#primaryimage\",\"url\":\"https:\/\/mto.org\/wp-content\/uploads\/2023\/05\/Charity-Aktion-Frankfurt-April-2023-2.jpg\",\"contentUrl\":\"https:\/\/mto.org\/wp-content\/uploads\/2023\/05\/Charity-Aktion-Frankfurt-April-2023-2.jpg\",\"width\":1600,\"height\":910},{\"@type\":\"BreadcrumbList\",\"@id\":\"https:\/\/mto.org\/de\/spendenaktion-zum-eid-al-fetr-in-frankfurt\/#breadcrumb\",\"itemListElement\":[{\"@type\":\"ListItem\",\"position\":1,\"name\":\"Home\",\"item\":\"https:\/\/mto.org\/de\/\"},{\"@type\":\"ListItem\",\"position\":2,\"name\":\"Spendenaktion zum Eid-al-Fetr in Frankfurt\"}]},{\"@type\":\"WebSite\",\"@id\":\"https:\/\/mto.org\/#website\",\"url\":\"https:\/\/mto.org\/\",\"name\":\"MTO Shahmaghsoudi\",\"description\":\"School of Islamic Sufism\",\"publisher\":{\"@id\":\"https:\/\/mto.org\/#organization\"},\"potentialAction\":[{\"@type\":\"SearchAction\",\"target\":{\"@type\":\"EntryPoint\",\"urlTemplate\":\"https:\/\/mto.org\/?s={search_term_string}\"},\"query-input\":{\"@type\":\"PropertyValueSpecification\",\"valueRequired\":true,\"valueName\":\"search_term_string\"}}],\"inLanguage\":\"de\"},{\"@type\":\"Organization\",\"@id\":\"https:\/\/mto.org\/#organization\",\"name\":\"MTO Shahmaghsoudi\",\"url\":\"https:\/\/mto.org\/\",\"logo\":{\"@type\":\"ImageObject\",\"inLanguage\":\"de\",\"@id\":\"https:\/\/mto.org\/#\/schema\/logo\/image\/\",\"url\":\"https:\/\/mto.org\/wp-content\/uploads\/2023\/03\/MTO_LOGO_Header.png\",\"contentUrl\":\"https:\/\/mto.org\/wp-content\/uploads\/2023\/03\/MTO_LOGO_Header.png\",\"width\":200,\"height\":200,\"caption\":\"MTO Shahmaghsoudi\"},\"image\":{\"@id\":\"https:\/\/mto.org\/#\/schema\/logo\/image\/\"},\"sameAs\":[\"https:\/\/www.facebook.com\/mtoshahmaghsoudi\",\"https:\/\/x.com\/mtoshahmaghsoud\",\"https:\/\/www.instagram.com\/mtoshahmaghsoudi\/\"]},{\"@type\":\"Person\",\"@id\":\"https:\/\/mto.org\/#\/schema\/person\/2f49f86784b3747b47bb554ffd56a975\",\"name\":\"MTO Redaktion\",\"image\":{\"@type\":\"ImageObject\",\"inLanguage\":\"de\",\"@id\":\"https:\/\/mto.org\/#\/schema\/person\/image\/\",\"url\":\"https:\/\/secure.gravatar.com\/avatar\/7e3905dd13630f67e3a9ef24bace6be2b009b8f4cb66d44bb6d9580bf3708868?s=96&d=mm&r=g\",\"contentUrl\":\"https:\/\/secure.gravatar.com\/avatar\/7e3905dd13630f67e3a9ef24bace6be2b009b8f4cb66d44bb6d9580bf3708868?s=96&d=mm&r=g\",\"caption\":\"MTO Redaktion\"},\"url\":\"https:\/\/mto.org\/de\/author\/mto-redaktion\/\"}]}<\/script>\n<!-- \/ Yoast SEO plugin. -->","yoast_head_json":{"title":"Spendenaktion zum Eid-al-Fetr in Frankfurt - MTO Shahmaghsoudi","robots":{"index":"index","follow":"follow","max-snippet":"max-snippet:-1","max-image-preview":"max-image-preview:large","max-video-preview":"max-video-preview:-1"},"canonical":"https:\/\/mto.org\/de\/spendenaktion-zum-eid-al-fetr-in-frankfurt\/","og_locale":"de_DE","og_type":"article","og_title":"Spendenaktion zum Eid-al-Fetr in Frankfurt - MTO Shahmaghsoudi","og_description":"Anl\u00e4sslich des Fest des Fastenbrechens \u201eEid Fitr\u201c, unterst\u00fctzten wir heute die von Caritas Frauenhaus versorgten Bewohnerinnen mit 30 Hygieneartikel-T\u00fcten. Die Interaktion mit dem Cartias war sehr sch\u00f6n und die Freude \u00fcber die Hygieneartikeln sehr gro\u00df. Wir m\u00f6chten der Caritas f\u00fcr&hellip;","og_url":"https:\/\/mto.org\/de\/spendenaktion-zum-eid-al-fetr-in-frankfurt\/","og_site_name":"MTO Shahmaghsoudi","article_publisher":"https:\/\/www.facebook.com\/mtoshahmaghsoudi","article_published_time":"2023-05-04T11:12:42+00:00","article_modified_time":"2023-05-08T10:52:50+00:00","og_image":[{"width":1600,"height":910,"url":"https:\/\/mto.org\/wp-content\/uploads\/2023\/05\/Charity-Aktion-Frankfurt-April-2023-2.jpg","type":"image\/jpeg"}],"author":"MTO Redaktion","twitter_card":"summary_large_image","twitter_creator":"@mtoshahmaghsoud","twitter_site":"@mtoshahmaghsoud","twitter_misc":{"Verfasst von":"MTO Redaktion"},"schema":{"@context":"https:\/\/schema.org","@graph":[{"@type":"Article","@id":"https:\/\/mto.org\/de\/spendenaktion-zum-eid-al-fetr-in-frankfurt\/#article","isPartOf":{"@id":"https:\/\/mto.org\/de\/spendenaktion-zum-eid-al-fetr-in-frankfurt\/"},"author":{"name":"MTO Redaktion","@id":"https:\/\/mto.org\/#\/schema\/person\/2f49f86784b3747b47bb554ffd56a975"},"headline":"Spendenaktion zum Eid-al-Fetr in Frankfurt","datePublished":"2023-05-04T11:12:42+00:00","dateModified":"2023-05-08T10:52:50+00:00","mainEntityOfPage":{"@id":"https:\/\/mto.org\/de\/spendenaktion-zum-eid-al-fetr-in-frankfurt\/"},"wordCount":71,"publisher":{"@id":"https:\/\/mto.org\/#organization"},"image":{"@id":"https:\/\/mto.org\/de\/spendenaktion-zum-eid-al-fetr-in-frankfurt\/#primaryimage"},"thumbnailUrl":"https:\/\/mto.org\/wp-content\/uploads\/2023\/05\/Charity-Aktion-Frankfurt-April-2023-2.jpg","articleSection":["Community Support","Frankfurt"],"inLanguage":"de"},{"@type":"WebPage","@id":"https:\/\/mto.org\/de\/spendenaktion-zum-eid-al-fetr-in-frankfurt\/","url":"https:\/\/mto.org\/de\/spendenaktion-zum-eid-al-fetr-in-frankfurt\/","name":"Spendenaktion zum Eid-al-Fetr in Frankfurt - MTO Shahmaghsoudi","isPartOf":{"@id":"https:\/\/mto.org\/#website"},"primaryImageOfPage":{"@id":"https:\/\/mto.org\/de\/spendenaktion-zum-eid-al-fetr-in-frankfurt\/#primaryimage"},"image":{"@id":"https:\/\/mto.org\/de\/spendenaktion-zum-eid-al-fetr-in-frankfurt\/#primaryimage"},"thumbnailUrl":"https:\/\/mto.org\/wp-content\/uploads\/2023\/05\/Charity-Aktion-Frankfurt-April-2023-2.jpg","datePublished":"2023-05-04T11:12:42+00:00","dateModified":"2023-05-08T10:52:50+00:00","breadcrumb":{"@id":"https:\/\/mto.org\/de\/spendenaktion-zum-eid-al-fetr-in-frankfurt\/#breadcrumb"},"inLanguage":"de","potentialAction":[{"@type":"ReadAction","target":["https:\/\/mto.org\/de\/spendenaktion-zum-eid-al-fetr-in-frankfurt\/"]}]},{"@type":"ImageObject","inLanguage":"de","@id":"https:\/\/mto.org\/de\/spendenaktion-zum-eid-al-fetr-in-frankfurt\/#primaryimage","url":"https:\/\/mto.org\/wp-content\/uploads\/2023\/05\/Charity-Aktion-Frankfurt-April-2023-2.jpg","contentUrl":"https:\/\/mto.org\/wp-content\/uploads\/2023\/05\/Charity-Aktion-Frankfurt-April-2023-2.jpg","width":1600,"height":910},{"@type":"BreadcrumbList","@id":"https:\/\/mto.org\/de\/spendenaktion-zum-eid-al-fetr-in-frankfurt\/#breadcrumb","itemListElement":[{"@type":"ListItem","position":1,"name":"Home","item":"https:\/\/mto.org\/de\/"},{"@type":"ListItem","position":2,"name":"Spendenaktion zum Eid-al-Fetr in Frankfurt"}]},{"@type":"WebSite","@id":"https:\/\/mto.org\/#website","url":"https:\/\/mto.org\/","name":"MTO Shahmaghsoudi","description":"School of Islamic Sufism","publisher":{"@id":"https:\/\/mto.org\/#organization"},"potentialAction":[{"@type":"SearchAction","target":{"@type":"EntryPoint","urlTemplate":"https:\/\/mto.org\/?s={search_term_string}"},"query-input":{"@type":"PropertyValueSpecification","valueRequired":true,"valueName":"search_term_string"}}],"inLanguage":"de"},{"@type":"Organization","@id":"https:\/\/mto.org\/#organization","name":"MTO Shahmaghsoudi","url":"https:\/\/mto.org\/","logo":{"@type":"ImageObject","inLanguage":"de","@id":"https:\/\/mto.org\/#\/schema\/logo\/image\/","url":"https:\/\/mto.org\/wp-content\/uploads\/2023\/03\/MTO_LOGO_Header.png","contentUrl":"https:\/\/mto.org\/wp-content\/uploads\/2023\/03\/MTO_LOGO_Header.png","width":200,"height":200,"caption":"MTO Shahmaghsoudi"},"image":{"@id":"https:\/\/mto.org\/#\/schema\/logo\/image\/"},"sameAs":["https:\/\/www.facebook.com\/mtoshahmaghsoudi","https:\/\/x.com\/mtoshahmaghsoud","https:\/\/www.instagram.com\/mtoshahmaghsoudi\/"]},{"@type":"Person","@id":"https:\/\/mto.org\/#\/schema\/person\/2f49f86784b3747b47bb554ffd56a975","name":"MTO Redaktion","image":{"@type":"ImageObject","inLanguage":"de","@id":"https:\/\/mto.org\/#\/schema\/person\/image\/","url":"https:\/\/secure.gravatar.com\/avatar\/7e3905dd13630f67e3a9ef24bace6be2b009b8f4cb66d44bb6d9580bf3708868?s=96&d=mm&r=g","contentUrl":"https:\/\/secure.gravatar.com\/avatar\/7e3905dd13630f67e3a9ef24bace6be2b009b8f4cb66d44bb6d9580bf3708868?s=96&d=mm&r=g","caption":"MTO Redaktion"},"url":"https:\/\/mto.org\/de\/author\/mto-redaktion\/"}]}},"_links":{"self":[{"href":"https:\/\/mto.org\/de\/wp-json\/wp\/v2\/posts\/17977","targetHints":{"allow":["GET"]}}],"collection":[{"href":"https:\/\/mto.org\/de\/wp-json\/wp\/v2\/posts"}],"about":[{"href":"https:\/\/mto.org\/de\/wp-json\/wp\/v2\/types\/post"}],"author":[{"embeddable":true,"href":"https:\/\/mto.org\/de\/wp-json\/wp\/v2\/users\/2"}],"replies":[{"embeddable":true,"href":"https:\/\/mto.org\/de\/wp-json\/wp\/v2\/comments?post=17977"}],"version-history":[{"count":1,"href":"https:\/\/mto.org\/de\/wp-json\/wp\/v2\/posts\/17977\/revisions"}],"predecessor-version":[{"id":18617,"href":"https:\/\/mto.org\/de\/wp-json\/wp\/v2\/posts\/17977\/revisions\/18617"}],"wp:featuredmedia":[{"embeddable":true,"href":"https:\/\/mto.org\/de\/wp-json\/wp\/v2\/media\/17947"}],"wp:attachment":[{"href":"https:\/\/mto.org\/de\/wp-json\/wp\/v2\/media?parent=17977"}],"wp:term":[{"taxonomy":"category","embeddable":true,"href":"https:\/\/mto.org\/de\/wp-json\/wp\/v2\/categories?post=17977"},{"taxonomy":"post_tag","embeddable":true,"href":"https:\/\/mto.org\/de\/wp-json\/wp\/v2\/tags?post=17977"},{"taxonomy":"post_series","embeddable":true,"href":"https:\/\/mto.org\/de\/wp-json\/wp\/v2\/post_series?post=17977"}],"curies":[{"name":"wp","href":"https:\/\/api.w.org\/{rel}","templated":true}]}}