{"id":1520,"date":"2019-05-13T19:07:40","date_gmt":"2019-05-13T19:07:40","guid":{"rendered":"http:\/\/germany.mto.org\/?p=1520\/"},"modified":"2023-05-08T12:52:54","modified_gmt":"2023-05-08T10:52:54","slug":"mto-schueler-als-lesepaten-der-duesseldorfer-arche-8-05-2019","status":"publish","type":"post","link":"https:\/\/mto.org\/de\/mto-schueler-als-lesepaten-der-duesseldorfer-arche-8-05-2019\/","title":{"rendered":"8. Mai Junge Sufis als Lesepaten in der D\u00fcsseldorfer Arche"},"content":{"rendered":"<p>Seit dem 8. Mai 2019 beginnt f\u00fcr die MTO Sch\u00fclerinnen und Sch\u00fcler die Patenschaft der Kindern aus dem christlichen Kinder- und Jugendwerk Arche. Schon seit L\u00e4ngerem besuchen die jungen Sufis die Kinder und Jugendlichen der Arche z.B. an Karneval oder auch beim j\u00e4hrlichen Sommerfest.<\/p>\n<p>Jetzt gehen sie gemeinsam eine Lesepatenschaft ein, wobei jeder\/m der MTO Sch\u00fclerInnen ein Schulkind zugewiesen wurde, das man beim Lesen unterst\u00fctzt und so auch schulisch\u00a0f\u00f6rdert. Dieses Projekt wird ab sofort jede Woche stattfinden, damit die Schulkinder \u00fcber einen langen Zeitraum die M\u00f6glichkeit haben von \u00a0einem Lesepaten begleitet zu werden, an den sie sich auch immer bei schulischen Problemen als Ansprechpartner wenden k\u00f6nnen.<span class=\"Apple-converted-space\">\u00a0<\/span><\/p>\n<p>Wir freuen uns auf die Zusammenarbeit und hoffen auf eine sch\u00f6ne gemeinsame Zeit.<span class=\"Apple-converted-space\">\u00a0<\/span><\/p>\n<p><a href=\"http:\/\/germany.mto.org\/uploads\/sites\/4\/2019\/05\/Charity_Lesepate-Mai-2019-1.jpg\"><img loading=\"lazy\" decoding=\"async\" class=\"aligncenter wp-image-1593 size-large\" src=\"http:\/\/germany.mto.org\/uploads\/sites\/4\/2019\/05\/Charity_Lesepate-Mai-2019-1-768x1024.jpg\" alt=\"\" width=\"768\" height=\"1024\" \/><\/a><a href=\"http:\/\/germany.mto.org\/uploads\/sites\/4\/2019\/05\/Charity_Lesepate-Mai-2019-2.jpg\"><img loading=\"lazy\" decoding=\"async\" class=\"aligncenter wp-image-1594 size-large\" src=\"http:\/\/germany.mto.org\/uploads\/sites\/4\/2019\/05\/Charity_Lesepate-Mai-2019-2-1024x768.jpg\" alt=\"\" width=\"790\" height=\"593\" \/><\/a><\/p>\n","protected":false},"excerpt":{"rendered":"<p>Seit dem 8. Mai 2019 beginnt f\u00fcr die MTO Sch\u00fclerinnen und Sch\u00fcler die Patenschaft der Kindern aus dem christlichen Kinder- und Jugendwerk Arche. Schon seit L\u00e4ngerem besuchen die jungen Sufis die Kinder und Jugendlichen der Arche z.B. an Karneval oder&hellip;<\/p>\n","protected":false},"author":2,"featured_media":0,"comment_status":"closed","ping_status":"open","sticky":false,"template":"","format":"standard","meta":{"_EventAllDay":false,"_EventTimezone":"","_EventStartDate":"","_EventEndDate":"","_EventStartDateUTC":"","_EventEndDateUTC":"","_EventShowMap":false,"_EventShowMapLink":false,"_EventURL":"","_EventCost":"","_EventCostDescription":"","_EventCurrencySymbol":"","_EventCurrencyCode":"","_EventCurrencyPosition":"","_EventDateTimeSeparator":"","_EventTimeRangeSeparator":"","_EventOrganizerID":[],"_EventVenueID":[],"_OrganizerEmail":"","_OrganizerPhone":"","_OrganizerWebsite":"","_VenueAddress":"","_VenueCity":"","_VenueCountry":"","_VenueProvince":"","_VenueState":"","_VenueZip":"","_VenuePhone":"","_VenueURL":"","_VenueStateProvince":"","_VenueLat":"","_VenueLng":"","_VenueShowMap":false,"_VenueShowMapLink":false,"footnotes":""},"categories":[73],"tags":[],"post_series":[],"class_list":["post-1520","post","type-post","status-publish","format-standard","hentry","category-community-support","entry","no-media"],"yoast_head":"<!-- This site is optimized with the Yoast SEO plugin v24.8.1 - https:\/\/yoast.com\/wordpress\/plugins\/seo\/ -->\n<title>8. Mai Junge Sufis als Lesepaten in der D\u00fcsseldorfer Arche - MTO Shahmaghsoudi<\/title>\n<meta name=\"robots\" content=\"index, follow, max-snippet:-1, max-image-preview:large, max-video-preview:-1\" \/>\n<link rel=\"canonical\" href=\"https:\/\/mto.org\/de\/mto-schueler-als-lesepaten-der-duesseldorfer-arche-8-05-2019\/\" \/>\n<meta property=\"og:locale\" content=\"de_DE\" \/>\n<meta property=\"og:type\" content=\"article\" \/>\n<meta property=\"og:title\" content=\"8. Mai Junge Sufis als Lesepaten in der D\u00fcsseldorfer Arche - MTO Shahmaghsoudi\" \/>\n<meta property=\"og:description\" content=\"Seit dem 8. Mai 2019 beginnt f\u00fcr die MTO Sch\u00fclerinnen und Sch\u00fcler die Patenschaft der Kindern aus dem christlichen Kinder- und Jugendwerk Arche. Schon seit L\u00e4ngerem besuchen die jungen Sufis die Kinder und Jugendlichen der Arche z.B. an Karneval oder&hellip;\" \/>\n<meta property=\"og:url\" content=\"https:\/\/mto.org\/de\/mto-schueler-als-lesepaten-der-duesseldorfer-arche-8-05-2019\/\" \/>\n<meta property=\"og:site_name\" content=\"MTO Shahmaghsoudi\" \/>\n<meta property=\"article:publisher\" content=\"https:\/\/www.facebook.com\/mtoshahmaghsoudi\" \/>\n<meta property=\"article:published_time\" content=\"2019-05-13T19:07:40+00:00\" \/>\n<meta property=\"article:modified_time\" content=\"2023-05-08T10:52:54+00:00\" \/>\n<meta property=\"og:image\" content=\"http:\/\/germany.mto.org\/uploads\/sites\/4\/2019\/05\/Charity_Lesepate-Mai-2019-1-768x1024.jpg\" \/>\n<meta name=\"author\" content=\"MTO Redaktion\" \/>\n<meta name=\"twitter:card\" content=\"summary_large_image\" \/>\n<meta name=\"twitter:creator\" content=\"@mtoshahmaghsoud\" \/>\n<meta name=\"twitter:site\" content=\"@mtoshahmaghsoud\" \/>\n<meta name=\"twitter:label1\" content=\"Verfasst von\" \/>\n\t<meta name=\"twitter:data1\" content=\"MTO Redaktion\" \/>\n\t<meta name=\"twitter:label2\" content=\"Gesch\u00e4tzte Lesezeit\" \/>\n\t<meta name=\"twitter:data2\" content=\"1\u00a0Minute\" \/>\n<script type=\"application\/ld+json\" class=\"yoast-schema-graph\">{\"@context\":\"https:\/\/schema.org\",\"@graph\":[{\"@type\":\"Article\",\"@id\":\"https:\/\/mto.org\/de\/mto-schueler-als-lesepaten-der-duesseldorfer-arche-8-05-2019\/#article\",\"isPartOf\":{\"@id\":\"https:\/\/mto.org\/de\/mto-schueler-als-lesepaten-der-duesseldorfer-arche-8-05-2019\/\"},\"author\":{\"name\":\"MTO Redaktion\",\"@id\":\"https:\/\/mto.org\/#\/schema\/person\/2f49f86784b3747b47bb554ffd56a975\"},\"headline\":\"8. Mai Junge Sufis als Lesepaten in der D\u00fcsseldorfer Arche\",\"datePublished\":\"2019-05-13T19:07:40+00:00\",\"dateModified\":\"2023-05-08T10:52:54+00:00\",\"mainEntityOfPage\":{\"@id\":\"https:\/\/mto.org\/de\/mto-schueler-als-lesepaten-der-duesseldorfer-arche-8-05-2019\/\"},\"wordCount\":141,\"publisher\":{\"@id\":\"https:\/\/mto.org\/#organization\"},\"image\":{\"@id\":\"https:\/\/mto.org\/de\/mto-schueler-als-lesepaten-der-duesseldorfer-arche-8-05-2019\/#primaryimage\"},\"thumbnailUrl\":\"http:\/\/germany.mto.org\/uploads\/sites\/4\/2019\/05\/Charity_Lesepate-Mai-2019-1-768x1024.jpg\",\"articleSection\":[\"Community Support\"],\"inLanguage\":\"de\"},{\"@type\":\"WebPage\",\"@id\":\"https:\/\/mto.org\/de\/mto-schueler-als-lesepaten-der-duesseldorfer-arche-8-05-2019\/\",\"url\":\"https:\/\/mto.org\/de\/mto-schueler-als-lesepaten-der-duesseldorfer-arche-8-05-2019\/\",\"name\":\"8. Mai Junge Sufis als Lesepaten in der D\u00fcsseldorfer Arche - MTO Shahmaghsoudi\",\"isPartOf\":{\"@id\":\"https:\/\/mto.org\/#website\"},\"primaryImageOfPage\":{\"@id\":\"https:\/\/mto.org\/de\/mto-schueler-als-lesepaten-der-duesseldorfer-arche-8-05-2019\/#primaryimage\"},\"image\":{\"@id\":\"https:\/\/mto.org\/de\/mto-schueler-als-lesepaten-der-duesseldorfer-arche-8-05-2019\/#primaryimage\"},\"thumbnailUrl\":\"http:\/\/germany.mto.org\/uploads\/sites\/4\/2019\/05\/Charity_Lesepate-Mai-2019-1-768x1024.jpg\",\"datePublished\":\"2019-05-13T19:07:40+00:00\",\"dateModified\":\"2023-05-08T10:52:54+00:00\",\"breadcrumb\":{\"@id\":\"https:\/\/mto.org\/de\/mto-schueler-als-lesepaten-der-duesseldorfer-arche-8-05-2019\/#breadcrumb\"},\"inLanguage\":\"de\",\"potentialAction\":[{\"@type\":\"ReadAction\",\"target\":[\"https:\/\/mto.org\/de\/mto-schueler-als-lesepaten-der-duesseldorfer-arche-8-05-2019\/\"]}]},{\"@type\":\"ImageObject\",\"inLanguage\":\"de\",\"@id\":\"https:\/\/mto.org\/de\/mto-schueler-als-lesepaten-der-duesseldorfer-arche-8-05-2019\/#primaryimage\",\"url\":\"http:\/\/germany.mto.org\/uploads\/sites\/4\/2019\/05\/Charity_Lesepate-Mai-2019-1-768x1024.jpg\",\"contentUrl\":\"http:\/\/germany.mto.org\/uploads\/sites\/4\/2019\/05\/Charity_Lesepate-Mai-2019-1-768x1024.jpg\"},{\"@type\":\"BreadcrumbList\",\"@id\":\"https:\/\/mto.org\/de\/mto-schueler-als-lesepaten-der-duesseldorfer-arche-8-05-2019\/#breadcrumb\",\"itemListElement\":[{\"@type\":\"ListItem\",\"position\":1,\"name\":\"Home\",\"item\":\"https:\/\/mto.org\/de\/\"},{\"@type\":\"ListItem\",\"position\":2,\"name\":\"8. Mai Junge Sufis als Lesepaten in der D\u00fcsseldorfer Arche\"}]},{\"@type\":\"WebSite\",\"@id\":\"https:\/\/mto.org\/#website\",\"url\":\"https:\/\/mto.org\/\",\"name\":\"MTO Shahmaghsoudi\",\"description\":\"School of Islamic Sufism\",\"publisher\":{\"@id\":\"https:\/\/mto.org\/#organization\"},\"potentialAction\":[{\"@type\":\"SearchAction\",\"target\":{\"@type\":\"EntryPoint\",\"urlTemplate\":\"https:\/\/mto.org\/?s={search_term_string}\"},\"query-input\":{\"@type\":\"PropertyValueSpecification\",\"valueRequired\":true,\"valueName\":\"search_term_string\"}}],\"inLanguage\":\"de\"},{\"@type\":\"Organization\",\"@id\":\"https:\/\/mto.org\/#organization\",\"name\":\"MTO Shahmaghsoudi\",\"url\":\"https:\/\/mto.org\/\",\"logo\":{\"@type\":\"ImageObject\",\"inLanguage\":\"de\",\"@id\":\"https:\/\/mto.org\/#\/schema\/logo\/image\/\",\"url\":\"https:\/\/mto.org\/wp-content\/uploads\/2023\/03\/MTO_LOGO_Header.png\",\"contentUrl\":\"https:\/\/mto.org\/wp-content\/uploads\/2023\/03\/MTO_LOGO_Header.png\",\"width\":200,\"height\":200,\"caption\":\"MTO Shahmaghsoudi\"},\"image\":{\"@id\":\"https:\/\/mto.org\/#\/schema\/logo\/image\/\"},\"sameAs\":[\"https:\/\/www.facebook.com\/mtoshahmaghsoudi\",\"https:\/\/x.com\/mtoshahmaghsoud\",\"https:\/\/www.instagram.com\/mtoshahmaghsoudi\/\"]},{\"@type\":\"Person\",\"@id\":\"https:\/\/mto.org\/#\/schema\/person\/2f49f86784b3747b47bb554ffd56a975\",\"name\":\"MTO Redaktion\",\"image\":{\"@type\":\"ImageObject\",\"inLanguage\":\"de\",\"@id\":\"https:\/\/mto.org\/#\/schema\/person\/image\/\",\"url\":\"https:\/\/secure.gravatar.com\/avatar\/7e3905dd13630f67e3a9ef24bace6be2b009b8f4cb66d44bb6d9580bf3708868?s=96&d=mm&r=g\",\"contentUrl\":\"https:\/\/secure.gravatar.com\/avatar\/7e3905dd13630f67e3a9ef24bace6be2b009b8f4cb66d44bb6d9580bf3708868?s=96&d=mm&r=g\",\"caption\":\"MTO Redaktion\"},\"url\":\"https:\/\/mto.org\/de\/author\/mto-redaktion\/\"}]}<\/script>\n<!-- \/ Yoast SEO plugin. -->","yoast_head_json":{"title":"8. Mai Junge Sufis als Lesepaten in der D\u00fcsseldorfer Arche - MTO Shahmaghsoudi","robots":{"index":"index","follow":"follow","max-snippet":"max-snippet:-1","max-image-preview":"max-image-preview:large","max-video-preview":"max-video-preview:-1"},"canonical":"https:\/\/mto.org\/de\/mto-schueler-als-lesepaten-der-duesseldorfer-arche-8-05-2019\/","og_locale":"de_DE","og_type":"article","og_title":"8. Mai Junge Sufis als Lesepaten in der D\u00fcsseldorfer Arche - MTO Shahmaghsoudi","og_description":"Seit dem 8. Mai 2019 beginnt f\u00fcr die MTO Sch\u00fclerinnen und Sch\u00fcler die Patenschaft der Kindern aus dem christlichen Kinder- und Jugendwerk Arche. Schon seit L\u00e4ngerem besuchen die jungen Sufis die Kinder und Jugendlichen der Arche z.B. an Karneval oder&hellip;","og_url":"https:\/\/mto.org\/de\/mto-schueler-als-lesepaten-der-duesseldorfer-arche-8-05-2019\/","og_site_name":"MTO Shahmaghsoudi","article_publisher":"https:\/\/www.facebook.com\/mtoshahmaghsoudi","article_published_time":"2019-05-13T19:07:40+00:00","article_modified_time":"2023-05-08T10:52:54+00:00","og_image":[{"url":"http:\/\/germany.mto.org\/uploads\/sites\/4\/2019\/05\/Charity_Lesepate-Mai-2019-1-768x1024.jpg","type":"","width":"","height":""}],"author":"MTO Redaktion","twitter_card":"summary_large_image","twitter_creator":"@mtoshahmaghsoud","twitter_site":"@mtoshahmaghsoud","twitter_misc":{"Verfasst von":"MTO Redaktion","Gesch\u00e4tzte Lesezeit":"1\u00a0Minute"},"schema":{"@context":"https:\/\/schema.org","@graph":[{"@type":"Article","@id":"https:\/\/mto.org\/de\/mto-schueler-als-lesepaten-der-duesseldorfer-arche-8-05-2019\/#article","isPartOf":{"@id":"https:\/\/mto.org\/de\/mto-schueler-als-lesepaten-der-duesseldorfer-arche-8-05-2019\/"},"author":{"name":"MTO Redaktion","@id":"https:\/\/mto.org\/#\/schema\/person\/2f49f86784b3747b47bb554ffd56a975"},"headline":"8. Mai Junge Sufis als Lesepaten in der D\u00fcsseldorfer Arche","datePublished":"2019-05-13T19:07:40+00:00","dateModified":"2023-05-08T10:52:54+00:00","mainEntityOfPage":{"@id":"https:\/\/mto.org\/de\/mto-schueler-als-lesepaten-der-duesseldorfer-arche-8-05-2019\/"},"wordCount":141,"publisher":{"@id":"https:\/\/mto.org\/#organization"},"image":{"@id":"https:\/\/mto.org\/de\/mto-schueler-als-lesepaten-der-duesseldorfer-arche-8-05-2019\/#primaryimage"},"thumbnailUrl":"http:\/\/germany.mto.org\/uploads\/sites\/4\/2019\/05\/Charity_Lesepate-Mai-2019-1-768x1024.jpg","articleSection":["Community Support"],"inLanguage":"de"},{"@type":"WebPage","@id":"https:\/\/mto.org\/de\/mto-schueler-als-lesepaten-der-duesseldorfer-arche-8-05-2019\/","url":"https:\/\/mto.org\/de\/mto-schueler-als-lesepaten-der-duesseldorfer-arche-8-05-2019\/","name":"8. Mai Junge Sufis als Lesepaten in der D\u00fcsseldorfer Arche - MTO Shahmaghsoudi","isPartOf":{"@id":"https:\/\/mto.org\/#website"},"primaryImageOfPage":{"@id":"https:\/\/mto.org\/de\/mto-schueler-als-lesepaten-der-duesseldorfer-arche-8-05-2019\/#primaryimage"},"image":{"@id":"https:\/\/mto.org\/de\/mto-schueler-als-lesepaten-der-duesseldorfer-arche-8-05-2019\/#primaryimage"},"thumbnailUrl":"http:\/\/germany.mto.org\/uploads\/sites\/4\/2019\/05\/Charity_Lesepate-Mai-2019-1-768x1024.jpg","datePublished":"2019-05-13T19:07:40+00:00","dateModified":"2023-05-08T10:52:54+00:00","breadcrumb":{"@id":"https:\/\/mto.org\/de\/mto-schueler-als-lesepaten-der-duesseldorfer-arche-8-05-2019\/#breadcrumb"},"inLanguage":"de","potentialAction":[{"@type":"ReadAction","target":["https:\/\/mto.org\/de\/mto-schueler-als-lesepaten-der-duesseldorfer-arche-8-05-2019\/"]}]},{"@type":"ImageObject","inLanguage":"de","@id":"https:\/\/mto.org\/de\/mto-schueler-als-lesepaten-der-duesseldorfer-arche-8-05-2019\/#primaryimage","url":"http:\/\/germany.mto.org\/uploads\/sites\/4\/2019\/05\/Charity_Lesepate-Mai-2019-1-768x1024.jpg","contentUrl":"http:\/\/germany.mto.org\/uploads\/sites\/4\/2019\/05\/Charity_Lesepate-Mai-2019-1-768x1024.jpg"},{"@type":"BreadcrumbList","@id":"https:\/\/mto.org\/de\/mto-schueler-als-lesepaten-der-duesseldorfer-arche-8-05-2019\/#breadcrumb","itemListElement":[{"@type":"ListItem","position":1,"name":"Home","item":"https:\/\/mto.org\/de\/"},{"@type":"ListItem","position":2,"name":"8. Mai Junge Sufis als Lesepaten in der D\u00fcsseldorfer Arche"}]},{"@type":"WebSite","@id":"https:\/\/mto.org\/#website","url":"https:\/\/mto.org\/","name":"MTO Shahmaghsoudi","description":"School of Islamic Sufism","publisher":{"@id":"https:\/\/mto.org\/#organization"},"potentialAction":[{"@type":"SearchAction","target":{"@type":"EntryPoint","urlTemplate":"https:\/\/mto.org\/?s={search_term_string}"},"query-input":{"@type":"PropertyValueSpecification","valueRequired":true,"valueName":"search_term_string"}}],"inLanguage":"de"},{"@type":"Organization","@id":"https:\/\/mto.org\/#organization","name":"MTO Shahmaghsoudi","url":"https:\/\/mto.org\/","logo":{"@type":"ImageObject","inLanguage":"de","@id":"https:\/\/mto.org\/#\/schema\/logo\/image\/","url":"https:\/\/mto.org\/wp-content\/uploads\/2023\/03\/MTO_LOGO_Header.png","contentUrl":"https:\/\/mto.org\/wp-content\/uploads\/2023\/03\/MTO_LOGO_Header.png","width":200,"height":200,"caption":"MTO Shahmaghsoudi"},"image":{"@id":"https:\/\/mto.org\/#\/schema\/logo\/image\/"},"sameAs":["https:\/\/www.facebook.com\/mtoshahmaghsoudi","https:\/\/x.com\/mtoshahmaghsoud","https:\/\/www.instagram.com\/mtoshahmaghsoudi\/"]},{"@type":"Person","@id":"https:\/\/mto.org\/#\/schema\/person\/2f49f86784b3747b47bb554ffd56a975","name":"MTO Redaktion","image":{"@type":"ImageObject","inLanguage":"de","@id":"https:\/\/mto.org\/#\/schema\/person\/image\/","url":"https:\/\/secure.gravatar.com\/avatar\/7e3905dd13630f67e3a9ef24bace6be2b009b8f4cb66d44bb6d9580bf3708868?s=96&d=mm&r=g","contentUrl":"https:\/\/secure.gravatar.com\/avatar\/7e3905dd13630f67e3a9ef24bace6be2b009b8f4cb66d44bb6d9580bf3708868?s=96&d=mm&r=g","caption":"MTO Redaktion"},"url":"https:\/\/mto.org\/de\/author\/mto-redaktion\/"}]}},"_links":{"self":[{"href":"https:\/\/mto.org\/de\/wp-json\/wp\/v2\/posts\/1520","targetHints":{"allow":["GET"]}}],"collection":[{"href":"https:\/\/mto.org\/de\/wp-json\/wp\/v2\/posts"}],"about":[{"href":"https:\/\/mto.org\/de\/wp-json\/wp\/v2\/types\/post"}],"author":[{"embeddable":true,"href":"https:\/\/mto.org\/de\/wp-json\/wp\/v2\/users\/2"}],"replies":[{"embeddable":true,"href":"https:\/\/mto.org\/de\/wp-json\/wp\/v2\/comments?post=1520"}],"version-history":[{"count":1,"href":"https:\/\/mto.org\/de\/wp-json\/wp\/v2\/posts\/1520\/revisions"}],"predecessor-version":[{"id":6474,"href":"https:\/\/mto.org\/de\/wp-json\/wp\/v2\/posts\/1520\/revisions\/6474"}],"wp:attachment":[{"href":"https:\/\/mto.org\/de\/wp-json\/wp\/v2\/media?parent=1520"}],"wp:term":[{"taxonomy":"category","embeddable":true,"href":"https:\/\/mto.org\/de\/wp-json\/wp\/v2\/categories?post=1520"},{"taxonomy":"post_tag","embeddable":true,"href":"https:\/\/mto.org\/de\/wp-json\/wp\/v2\/tags?post=1520"},{"taxonomy":"post_series","embeddable":true,"href":"https:\/\/mto.org\/de\/wp-json\/wp\/v2\/post_series?post=1520"}],"curies":[{"name":"wp","href":"https:\/\/api.w.org\/{rel}","templated":true}]}}