{"id":10622,"date":"2023-03-06T10:07:22","date_gmt":"2023-03-06T10:07:22","guid":{"rendered":"https:\/\/germany.mto.org\/?p=4610"},"modified":"2023-05-08T12:52:50","modified_gmt":"2023-05-08T10:52:50","slug":"mto-duesseldorf-und-koeln-sammelten-sachspenden-fuer-erdbebenopfer-in-syrien-und-der-tuerkei","status":"publish","type":"post","link":"https:\/\/mto.org\/de\/mto-duesseldorf-und-koeln-sammelten-sachspenden-fuer-erdbebenopfer-in-syrien-und-der-tuerkei\/","title":{"rendered":"MTO D\u00fcsseldorf und K\u00f6ln sammelten Sachspenden f\u00fcr Erdbebenopfer in Syrien und der T\u00fcrkei"},"content":{"rendered":"<p>Nach dem schweren Erdbeben in der T\u00fcrkei und in Syrien sammelten wir Sachspenden f\u00fcr die Opfer des Erdbebens und brachten diese verpackt, gelistet in Kartons, an zwei gro\u00dfe Sammelorte in K\u00f6ln und D\u00fcsseldorf, die mit den Katastrophenschutzbeh\u00f6rden vor Ort kooperieren.<\/p>\n<p>&nbsp;<\/p>\n<div dir=\"auto\"><a class=\"x1i10hfl xjbqb8w x6umtig x1b1mbwd xaqea5y xav7gou x9f619 x1ypdohk xt0psk2 xe8uvvx xdj266r x11i5rnm xat24cr x1mh8g0r xexx8yu x4uap5 x18d9i69 xkhd6sd x16tdsg8 x1hl2dhg xggy1nq x1a2a7pz xt0b8zv x1qq9wsj xo1l8bm\" role=\"link\" href=\"https:\/\/www.facebook.com\/hashtag\/mtoshahmaghsoudi?__eep__=6&amp;__cft__[0]=AZWy6W4IYq4Yi4Ryr9VvWcqY-ciI0jUstiIodM_pyzJTry5PnJMFEjZIW0HrjryhEup46W8rD_d59DPc7Ps7j9Vw6Z8y23qaZah86Nmcg7ovvc-NQRRdC2tti-5fwDj7dDFJpEJ3H4Adj3Du1OL7ujaTMvobKrbSKInfS7xLnTIorjxJGaPncv5WdEM68fLQSUM&amp;__tn__=*NK-R\">#MTOShahmaghsoudi <\/a><a class=\"x1i10hfl xjbqb8w x6umtig x1b1mbwd xaqea5y xav7gou x9f619 x1ypdohk xt0psk2 xe8uvvx xdj266r x11i5rnm xat24cr x1mh8g0r xexx8yu x4uap5 x18d9i69 xkhd6sd x16tdsg8 x1hl2dhg xggy1nq x1a2a7pz xt0b8zv x1qq9wsj xo1l8bm\" role=\"link\" href=\"https:\/\/www.facebook.com\/hashtag\/mtocommunityresponse?__eep__=6&amp;__cft__[0]=AZWy6W4IYq4Yi4Ryr9VvWcqY-ciI0jUstiIodM_pyzJTry5PnJMFEjZIW0HrjryhEup46W8rD_d59DPc7Ps7j9Vw6Z8y23qaZah86Nmcg7ovvc-NQRRdC2tti-5fwDj7dDFJpEJ3H4Adj3Du1OL7ujaTMvobKrbSKInfS7xLnTIorjxJGaPncv5WdEM68fLQSUM&amp;__tn__=*NK-R\">#mtocommunityresponse <\/a><a class=\"x1i10hfl xjbqb8w x6umtig x1b1mbwd xaqea5y xav7gou x9f619 x1ypdohk xt0psk2 xe8uvvx xdj266r x11i5rnm xat24cr x1mh8g0r xexx8yu x4uap5 x18d9i69 xkhd6sd x16tdsg8 x1hl2dhg xggy1nq x1a2a7pz xt0b8zv x1qq9wsj xo1l8bm\" role=\"link\" href=\"https:\/\/www.facebook.com\/hashtag\/ichbinsufi?__eep__=6&amp;__cft__[0]=AZWy6W4IYq4Yi4Ryr9VvWcqY-ciI0jUstiIodM_pyzJTry5PnJMFEjZIW0HrjryhEup46W8rD_d59DPc7Ps7j9Vw6Z8y23qaZah86Nmcg7ovvc-NQRRdC2tti-5fwDj7dDFJpEJ3H4Adj3Du1OL7ujaTMvobKrbSKInfS7xLnTIorjxJGaPncv5WdEM68fLQSUM&amp;__tn__=*NK-R\">#ichbinsufi <\/a><a class=\"x1i10hfl xjbqb8w x6umtig x1b1mbwd xaqea5y xav7gou x9f619 x1ypdohk xt0psk2 xe8uvvx xdj266r x11i5rnm xat24cr x1mh8g0r xexx8yu x4uap5 x18d9i69 xkhd6sd x16tdsg8 x1hl2dhg xggy1nq x1a2a7pz xt0b8zv x1qq9wsj xo1l8bm\" role=\"link\" href=\"https:\/\/www.facebook.com\/hashtag\/sufismusindeutschland?__eep__=6&amp;__cft__[0]=AZWy6W4IYq4Yi4Ryr9VvWcqY-ciI0jUstiIodM_pyzJTry5PnJMFEjZIW0HrjryhEup46W8rD_d59DPc7Ps7j9Vw6Z8y23qaZah86Nmcg7ovvc-NQRRdC2tti-5fwDj7dDFJpEJ3H4Adj3Du1OL7ujaTMvobKrbSKInfS7xLnTIorjxJGaPncv5WdEM68fLQSUM&amp;__tn__=*NK-R\">#sufismusindeutschland<\/a><\/div>\n<div dir=\"auto\"><\/div>\n<div dir=\"auto\"><a href=\"https:\/\/mto.org\/wp-content\/uploads\/2023\/02\/MTO-DUS-Erdbeben-2023.jpg\"><img loading=\"lazy\" decoding=\"async\" class=\"aligncenter wp-image-4615 size-large\" src=\"https:\/\/mto.org\/wp-content\/uploads\/2023\/02\/MTO-DUS-Erdbeben-2023-1024x576.jpg\" alt=\"\" width=\"1024\" height=\"576\" \/><\/a><\/div>\n<div dir=\"auto\"><\/div>\n<div dir=\"auto\"><a href=\"https:\/\/mto.org\/wp-content\/uploads\/2023\/02\/MTO-KOeLN-Erdbeben-2023.jpg\"><img loading=\"lazy\" decoding=\"async\" class=\"aligncenter wp-image-4613 size-large\" src=\"https:\/\/mto.org\/wp-content\/uploads\/2023\/02\/MTO-KOeLN-Erdbeben-2023-1024x577.jpg\" alt=\"\" width=\"1024\" height=\"577\" \/><\/a><\/div>\n","protected":false},"excerpt":{"rendered":"<p>Nach dem schweren Erdbeben in der T\u00fcrkei und in Syrien sammelten wir Sachspenden f\u00fcr die Opfer des Erdbebens und brachten diese verpackt, gelistet in Kartons, an zwei gro\u00dfe Sammelorte in K\u00f6ln und D\u00fcsseldorf, die mit den Katastrophenschutzbeh\u00f6rden vor Ort kooperieren.&hellip;<\/p>\n","protected":false},"author":2,"featured_media":10610,"comment_status":"closed","ping_status":"open","sticky":false,"template":"","format":"standard","meta":{"_EventAllDay":false,"_EventTimezone":"","_EventStartDate":"","_EventEndDate":"","_EventStartDateUTC":"","_EventEndDateUTC":"","_EventShowMap":false,"_EventShowMapLink":false,"_EventURL":"","_EventCost":"","_EventCostDescription":"","_EventCurrencySymbol":"","_EventCurrencyCode":"","_EventCurrencyPosition":"","_EventDateTimeSeparator":"","_EventTimeRangeSeparator":"","_EventOrganizerID":[],"_EventVenueID":[],"_OrganizerEmail":"","_OrganizerPhone":"","_OrganizerWebsite":"","_VenueAddress":"","_VenueCity":"","_VenueCountry":"","_VenueProvince":"","_VenueState":"","_VenueZip":"","_VenuePhone":"","_VenueURL":"","_VenueStateProvince":"","_VenueLat":"","_VenueLng":"","_VenueShowMap":false,"_VenueShowMapLink":false,"footnotes":""},"categories":[73,42,62],"tags":[],"post_series":[],"class_list":["post-10622","post","type-post","status-publish","format-standard","has-post-thumbnail","hentry","category-community-support","category-duesseldorf","category-koeln","entry","has-media"],"yoast_head":"<!-- This site is optimized with the Yoast SEO plugin v24.8.1 - https:\/\/yoast.com\/wordpress\/plugins\/seo\/ -->\n<title>MTO D\u00fcsseldorf und K\u00f6ln sammelten Sachspenden f\u00fcr Erdbebenopfer in Syrien und der T\u00fcrkei - MTO Shahmaghsoudi<\/title>\n<meta name=\"robots\" content=\"index, follow, max-snippet:-1, max-image-preview:large, max-video-preview:-1\" \/>\n<link rel=\"canonical\" href=\"https:\/\/mto.org\/de\/mto-duesseldorf-und-koeln-sammelten-sachspenden-fuer-erdbebenopfer-in-syrien-und-der-tuerkei\/\" \/>\n<meta property=\"og:locale\" content=\"de_DE\" \/>\n<meta property=\"og:type\" content=\"article\" \/>\n<meta property=\"og:title\" content=\"MTO D\u00fcsseldorf und K\u00f6ln sammelten Sachspenden f\u00fcr Erdbebenopfer in Syrien und der T\u00fcrkei - MTO Shahmaghsoudi\" \/>\n<meta property=\"og:description\" content=\"Nach dem schweren Erdbeben in der T\u00fcrkei und in Syrien sammelten wir Sachspenden f\u00fcr die Opfer des Erdbebens und brachten diese verpackt, gelistet in Kartons, an zwei gro\u00dfe Sammelorte in K\u00f6ln und D\u00fcsseldorf, die mit den Katastrophenschutzbeh\u00f6rden vor Ort kooperieren.&hellip;\" \/>\n<meta property=\"og:url\" content=\"https:\/\/mto.org\/de\/mto-duesseldorf-und-koeln-sammelten-sachspenden-fuer-erdbebenopfer-in-syrien-und-der-tuerkei\/\" \/>\n<meta property=\"og:site_name\" content=\"MTO Shahmaghsoudi\" \/>\n<meta property=\"article:publisher\" content=\"https:\/\/www.facebook.com\/mtoshahmaghsoudi\" \/>\n<meta property=\"article:published_time\" content=\"2023-03-06T10:07:22+00:00\" \/>\n<meta property=\"article:modified_time\" content=\"2023-05-08T10:52:50+00:00\" \/>\n<meta property=\"og:image\" content=\"https:\/\/mto.org\/wp-content\/uploads\/2023\/02\/MTO-KOeLN-Erdbeben-2023-2.jpg\" \/>\n\t<meta property=\"og:image:width\" content=\"1440\" \/>\n\t<meta property=\"og:image:height\" content=\"812\" \/>\n\t<meta property=\"og:image:type\" content=\"image\/jpeg\" \/>\n<meta name=\"author\" content=\"MTO Redaktion\" \/>\n<meta name=\"twitter:card\" content=\"summary_large_image\" \/>\n<meta name=\"twitter:creator\" content=\"@mtoshahmaghsoud\" \/>\n<meta name=\"twitter:site\" content=\"@mtoshahmaghsoud\" \/>\n<meta name=\"twitter:label1\" content=\"Verfasst von\" \/>\n\t<meta name=\"twitter:data1\" content=\"MTO Redaktion\" \/>\n<script type=\"application\/ld+json\" class=\"yoast-schema-graph\">{\"@context\":\"https:\/\/schema.org\",\"@graph\":[{\"@type\":\"Article\",\"@id\":\"https:\/\/mto.org\/de\/mto-duesseldorf-und-koeln-sammelten-sachspenden-fuer-erdbebenopfer-in-syrien-und-der-tuerkei\/#article\",\"isPartOf\":{\"@id\":\"https:\/\/mto.org\/de\/mto-duesseldorf-und-koeln-sammelten-sachspenden-fuer-erdbebenopfer-in-syrien-und-der-tuerkei\/\"},\"author\":{\"name\":\"MTO Redaktion\",\"@id\":\"https:\/\/mto.org\/#\/schema\/person\/2f49f86784b3747b47bb554ffd56a975\"},\"headline\":\"MTO D\u00fcsseldorf und K\u00f6ln sammelten Sachspenden f\u00fcr Erdbebenopfer in Syrien und der T\u00fcrkei\",\"datePublished\":\"2023-03-06T10:07:22+00:00\",\"dateModified\":\"2023-05-08T10:52:50+00:00\",\"mainEntityOfPage\":{\"@id\":\"https:\/\/mto.org\/de\/mto-duesseldorf-und-koeln-sammelten-sachspenden-fuer-erdbebenopfer-in-syrien-und-der-tuerkei\/\"},\"wordCount\":68,\"publisher\":{\"@id\":\"https:\/\/mto.org\/#organization\"},\"image\":{\"@id\":\"https:\/\/mto.org\/de\/mto-duesseldorf-und-koeln-sammelten-sachspenden-fuer-erdbebenopfer-in-syrien-und-der-tuerkei\/#primaryimage\"},\"thumbnailUrl\":\"https:\/\/mto.org\/wp-content\/uploads\/2023\/02\/MTO-KOeLN-Erdbeben-2023-2.jpg\",\"articleSection\":[\"Community Support\",\"D\u00fcsseldorf\",\"K\u00f6ln\"],\"inLanguage\":\"de\"},{\"@type\":\"WebPage\",\"@id\":\"https:\/\/mto.org\/de\/mto-duesseldorf-und-koeln-sammelten-sachspenden-fuer-erdbebenopfer-in-syrien-und-der-tuerkei\/\",\"url\":\"https:\/\/mto.org\/de\/mto-duesseldorf-und-koeln-sammelten-sachspenden-fuer-erdbebenopfer-in-syrien-und-der-tuerkei\/\",\"name\":\"MTO D\u00fcsseldorf und K\u00f6ln sammelten Sachspenden f\u00fcr Erdbebenopfer in Syrien und der T\u00fcrkei - MTO Shahmaghsoudi\",\"isPartOf\":{\"@id\":\"https:\/\/mto.org\/#website\"},\"primaryImageOfPage\":{\"@id\":\"https:\/\/mto.org\/de\/mto-duesseldorf-und-koeln-sammelten-sachspenden-fuer-erdbebenopfer-in-syrien-und-der-tuerkei\/#primaryimage\"},\"image\":{\"@id\":\"https:\/\/mto.org\/de\/mto-duesseldorf-und-koeln-sammelten-sachspenden-fuer-erdbebenopfer-in-syrien-und-der-tuerkei\/#primaryimage\"},\"thumbnailUrl\":\"https:\/\/mto.org\/wp-content\/uploads\/2023\/02\/MTO-KOeLN-Erdbeben-2023-2.jpg\",\"datePublished\":\"2023-03-06T10:07:22+00:00\",\"dateModified\":\"2023-05-08T10:52:50+00:00\",\"breadcrumb\":{\"@id\":\"https:\/\/mto.org\/de\/mto-duesseldorf-und-koeln-sammelten-sachspenden-fuer-erdbebenopfer-in-syrien-und-der-tuerkei\/#breadcrumb\"},\"inLanguage\":\"de\",\"potentialAction\":[{\"@type\":\"ReadAction\",\"target\":[\"https:\/\/mto.org\/de\/mto-duesseldorf-und-koeln-sammelten-sachspenden-fuer-erdbebenopfer-in-syrien-und-der-tuerkei\/\"]}]},{\"@type\":\"ImageObject\",\"inLanguage\":\"de\",\"@id\":\"https:\/\/mto.org\/de\/mto-duesseldorf-und-koeln-sammelten-sachspenden-fuer-erdbebenopfer-in-syrien-und-der-tuerkei\/#primaryimage\",\"url\":\"https:\/\/mto.org\/wp-content\/uploads\/2023\/02\/MTO-KOeLN-Erdbeben-2023-2.jpg\",\"contentUrl\":\"https:\/\/mto.org\/wp-content\/uploads\/2023\/02\/MTO-KOeLN-Erdbeben-2023-2.jpg\",\"width\":1440,\"height\":812},{\"@type\":\"BreadcrumbList\",\"@id\":\"https:\/\/mto.org\/de\/mto-duesseldorf-und-koeln-sammelten-sachspenden-fuer-erdbebenopfer-in-syrien-und-der-tuerkei\/#breadcrumb\",\"itemListElement\":[{\"@type\":\"ListItem\",\"position\":1,\"name\":\"Home\",\"item\":\"https:\/\/mto.org\/de\/\"},{\"@type\":\"ListItem\",\"position\":2,\"name\":\"MTO D\u00fcsseldorf und K\u00f6ln sammelten Sachspenden f\u00fcr Erdbebenopfer in Syrien und der T\u00fcrkei\"}]},{\"@type\":\"WebSite\",\"@id\":\"https:\/\/mto.org\/#website\",\"url\":\"https:\/\/mto.org\/\",\"name\":\"MTO Shahmaghsoudi\",\"description\":\"School of Islamic Sufism\",\"publisher\":{\"@id\":\"https:\/\/mto.org\/#organization\"},\"potentialAction\":[{\"@type\":\"SearchAction\",\"target\":{\"@type\":\"EntryPoint\",\"urlTemplate\":\"https:\/\/mto.org\/?s={search_term_string}\"},\"query-input\":{\"@type\":\"PropertyValueSpecification\",\"valueRequired\":true,\"valueName\":\"search_term_string\"}}],\"inLanguage\":\"de\"},{\"@type\":\"Organization\",\"@id\":\"https:\/\/mto.org\/#organization\",\"name\":\"MTO Shahmaghsoudi\",\"url\":\"https:\/\/mto.org\/\",\"logo\":{\"@type\":\"ImageObject\",\"inLanguage\":\"de\",\"@id\":\"https:\/\/mto.org\/#\/schema\/logo\/image\/\",\"url\":\"https:\/\/mto.org\/wp-content\/uploads\/2023\/03\/MTO_LOGO_Header.png\",\"contentUrl\":\"https:\/\/mto.org\/wp-content\/uploads\/2023\/03\/MTO_LOGO_Header.png\",\"width\":200,\"height\":200,\"caption\":\"MTO Shahmaghsoudi\"},\"image\":{\"@id\":\"https:\/\/mto.org\/#\/schema\/logo\/image\/\"},\"sameAs\":[\"https:\/\/www.facebook.com\/mtoshahmaghsoudi\",\"https:\/\/x.com\/mtoshahmaghsoud\",\"https:\/\/www.instagram.com\/mtoshahmaghsoudi\/\"]},{\"@type\":\"Person\",\"@id\":\"https:\/\/mto.org\/#\/schema\/person\/2f49f86784b3747b47bb554ffd56a975\",\"name\":\"MTO Redaktion\",\"image\":{\"@type\":\"ImageObject\",\"inLanguage\":\"de\",\"@id\":\"https:\/\/mto.org\/#\/schema\/person\/image\/\",\"url\":\"https:\/\/secure.gravatar.com\/avatar\/7e3905dd13630f67e3a9ef24bace6be2b009b8f4cb66d44bb6d9580bf3708868?s=96&d=mm&r=g\",\"contentUrl\":\"https:\/\/secure.gravatar.com\/avatar\/7e3905dd13630f67e3a9ef24bace6be2b009b8f4cb66d44bb6d9580bf3708868?s=96&d=mm&r=g\",\"caption\":\"MTO Redaktion\"},\"url\":\"https:\/\/mto.org\/de\/author\/mto-redaktion\/\"}]}<\/script>\n<!-- \/ Yoast SEO plugin. -->","yoast_head_json":{"title":"MTO D\u00fcsseldorf und K\u00f6ln sammelten Sachspenden f\u00fcr Erdbebenopfer in Syrien und der T\u00fcrkei - MTO Shahmaghsoudi","robots":{"index":"index","follow":"follow","max-snippet":"max-snippet:-1","max-image-preview":"max-image-preview:large","max-video-preview":"max-video-preview:-1"},"canonical":"https:\/\/mto.org\/de\/mto-duesseldorf-und-koeln-sammelten-sachspenden-fuer-erdbebenopfer-in-syrien-und-der-tuerkei\/","og_locale":"de_DE","og_type":"article","og_title":"MTO D\u00fcsseldorf und K\u00f6ln sammelten Sachspenden f\u00fcr Erdbebenopfer in Syrien und der T\u00fcrkei - MTO Shahmaghsoudi","og_description":"Nach dem schweren Erdbeben in der T\u00fcrkei und in Syrien sammelten wir Sachspenden f\u00fcr die Opfer des Erdbebens und brachten diese verpackt, gelistet in Kartons, an zwei gro\u00dfe Sammelorte in K\u00f6ln und D\u00fcsseldorf, die mit den Katastrophenschutzbeh\u00f6rden vor Ort kooperieren.&hellip;","og_url":"https:\/\/mto.org\/de\/mto-duesseldorf-und-koeln-sammelten-sachspenden-fuer-erdbebenopfer-in-syrien-und-der-tuerkei\/","og_site_name":"MTO Shahmaghsoudi","article_publisher":"https:\/\/www.facebook.com\/mtoshahmaghsoudi","article_published_time":"2023-03-06T10:07:22+00:00","article_modified_time":"2023-05-08T10:52:50+00:00","og_image":[{"width":1440,"height":812,"url":"https:\/\/mto.org\/wp-content\/uploads\/2023\/02\/MTO-KOeLN-Erdbeben-2023-2.jpg","type":"image\/jpeg"}],"author":"MTO Redaktion","twitter_card":"summary_large_image","twitter_creator":"@mtoshahmaghsoud","twitter_site":"@mtoshahmaghsoud","twitter_misc":{"Verfasst von":"MTO Redaktion"},"schema":{"@context":"https:\/\/schema.org","@graph":[{"@type":"Article","@id":"https:\/\/mto.org\/de\/mto-duesseldorf-und-koeln-sammelten-sachspenden-fuer-erdbebenopfer-in-syrien-und-der-tuerkei\/#article","isPartOf":{"@id":"https:\/\/mto.org\/de\/mto-duesseldorf-und-koeln-sammelten-sachspenden-fuer-erdbebenopfer-in-syrien-und-der-tuerkei\/"},"author":{"name":"MTO Redaktion","@id":"https:\/\/mto.org\/#\/schema\/person\/2f49f86784b3747b47bb554ffd56a975"},"headline":"MTO D\u00fcsseldorf und K\u00f6ln sammelten Sachspenden f\u00fcr Erdbebenopfer in Syrien und der T\u00fcrkei","datePublished":"2023-03-06T10:07:22+00:00","dateModified":"2023-05-08T10:52:50+00:00","mainEntityOfPage":{"@id":"https:\/\/mto.org\/de\/mto-duesseldorf-und-koeln-sammelten-sachspenden-fuer-erdbebenopfer-in-syrien-und-der-tuerkei\/"},"wordCount":68,"publisher":{"@id":"https:\/\/mto.org\/#organization"},"image":{"@id":"https:\/\/mto.org\/de\/mto-duesseldorf-und-koeln-sammelten-sachspenden-fuer-erdbebenopfer-in-syrien-und-der-tuerkei\/#primaryimage"},"thumbnailUrl":"https:\/\/mto.org\/wp-content\/uploads\/2023\/02\/MTO-KOeLN-Erdbeben-2023-2.jpg","articleSection":["Community Support","D\u00fcsseldorf","K\u00f6ln"],"inLanguage":"de"},{"@type":"WebPage","@id":"https:\/\/mto.org\/de\/mto-duesseldorf-und-koeln-sammelten-sachspenden-fuer-erdbebenopfer-in-syrien-und-der-tuerkei\/","url":"https:\/\/mto.org\/de\/mto-duesseldorf-und-koeln-sammelten-sachspenden-fuer-erdbebenopfer-in-syrien-und-der-tuerkei\/","name":"MTO D\u00fcsseldorf und K\u00f6ln sammelten Sachspenden f\u00fcr Erdbebenopfer in Syrien und der T\u00fcrkei - MTO Shahmaghsoudi","isPartOf":{"@id":"https:\/\/mto.org\/#website"},"primaryImageOfPage":{"@id":"https:\/\/mto.org\/de\/mto-duesseldorf-und-koeln-sammelten-sachspenden-fuer-erdbebenopfer-in-syrien-und-der-tuerkei\/#primaryimage"},"image":{"@id":"https:\/\/mto.org\/de\/mto-duesseldorf-und-koeln-sammelten-sachspenden-fuer-erdbebenopfer-in-syrien-und-der-tuerkei\/#primaryimage"},"thumbnailUrl":"https:\/\/mto.org\/wp-content\/uploads\/2023\/02\/MTO-KOeLN-Erdbeben-2023-2.jpg","datePublished":"2023-03-06T10:07:22+00:00","dateModified":"2023-05-08T10:52:50+00:00","breadcrumb":{"@id":"https:\/\/mto.org\/de\/mto-duesseldorf-und-koeln-sammelten-sachspenden-fuer-erdbebenopfer-in-syrien-und-der-tuerkei\/#breadcrumb"},"inLanguage":"de","potentialAction":[{"@type":"ReadAction","target":["https:\/\/mto.org\/de\/mto-duesseldorf-und-koeln-sammelten-sachspenden-fuer-erdbebenopfer-in-syrien-und-der-tuerkei\/"]}]},{"@type":"ImageObject","inLanguage":"de","@id":"https:\/\/mto.org\/de\/mto-duesseldorf-und-koeln-sammelten-sachspenden-fuer-erdbebenopfer-in-syrien-und-der-tuerkei\/#primaryimage","url":"https:\/\/mto.org\/wp-content\/uploads\/2023\/02\/MTO-KOeLN-Erdbeben-2023-2.jpg","contentUrl":"https:\/\/mto.org\/wp-content\/uploads\/2023\/02\/MTO-KOeLN-Erdbeben-2023-2.jpg","width":1440,"height":812},{"@type":"BreadcrumbList","@id":"https:\/\/mto.org\/de\/mto-duesseldorf-und-koeln-sammelten-sachspenden-fuer-erdbebenopfer-in-syrien-und-der-tuerkei\/#breadcrumb","itemListElement":[{"@type":"ListItem","position":1,"name":"Home","item":"https:\/\/mto.org\/de\/"},{"@type":"ListItem","position":2,"name":"MTO D\u00fcsseldorf und K\u00f6ln sammelten Sachspenden f\u00fcr Erdbebenopfer in Syrien und der T\u00fcrkei"}]},{"@type":"WebSite","@id":"https:\/\/mto.org\/#website","url":"https:\/\/mto.org\/","name":"MTO Shahmaghsoudi","description":"School of Islamic Sufism","publisher":{"@id":"https:\/\/mto.org\/#organization"},"potentialAction":[{"@type":"SearchAction","target":{"@type":"EntryPoint","urlTemplate":"https:\/\/mto.org\/?s={search_term_string}"},"query-input":{"@type":"PropertyValueSpecification","valueRequired":true,"valueName":"search_term_string"}}],"inLanguage":"de"},{"@type":"Organization","@id":"https:\/\/mto.org\/#organization","name":"MTO Shahmaghsoudi","url":"https:\/\/mto.org\/","logo":{"@type":"ImageObject","inLanguage":"de","@id":"https:\/\/mto.org\/#\/schema\/logo\/image\/","url":"https:\/\/mto.org\/wp-content\/uploads\/2023\/03\/MTO_LOGO_Header.png","contentUrl":"https:\/\/mto.org\/wp-content\/uploads\/2023\/03\/MTO_LOGO_Header.png","width":200,"height":200,"caption":"MTO Shahmaghsoudi"},"image":{"@id":"https:\/\/mto.org\/#\/schema\/logo\/image\/"},"sameAs":["https:\/\/www.facebook.com\/mtoshahmaghsoudi","https:\/\/x.com\/mtoshahmaghsoud","https:\/\/www.instagram.com\/mtoshahmaghsoudi\/"]},{"@type":"Person","@id":"https:\/\/mto.org\/#\/schema\/person\/2f49f86784b3747b47bb554ffd56a975","name":"MTO Redaktion","image":{"@type":"ImageObject","inLanguage":"de","@id":"https:\/\/mto.org\/#\/schema\/person\/image\/","url":"https:\/\/secure.gravatar.com\/avatar\/7e3905dd13630f67e3a9ef24bace6be2b009b8f4cb66d44bb6d9580bf3708868?s=96&d=mm&r=g","contentUrl":"https:\/\/secure.gravatar.com\/avatar\/7e3905dd13630f67e3a9ef24bace6be2b009b8f4cb66d44bb6d9580bf3708868?s=96&d=mm&r=g","caption":"MTO Redaktion"},"url":"https:\/\/mto.org\/de\/author\/mto-redaktion\/"}]}},"_links":{"self":[{"href":"https:\/\/mto.org\/de\/wp-json\/wp\/v2\/posts\/10622","targetHints":{"allow":["GET"]}}],"collection":[{"href":"https:\/\/mto.org\/de\/wp-json\/wp\/v2\/posts"}],"about":[{"href":"https:\/\/mto.org\/de\/wp-json\/wp\/v2\/types\/post"}],"author":[{"embeddable":true,"href":"https:\/\/mto.org\/de\/wp-json\/wp\/v2\/users\/2"}],"replies":[{"embeddable":true,"href":"https:\/\/mto.org\/de\/wp-json\/wp\/v2\/comments?post=10622"}],"version-history":[{"count":1,"href":"https:\/\/mto.org\/de\/wp-json\/wp\/v2\/posts\/10622\/revisions"}],"predecessor-version":[{"id":18779,"href":"https:\/\/mto.org\/de\/wp-json\/wp\/v2\/posts\/10622\/revisions\/18779"}],"wp:featuredmedia":[{"embeddable":true,"href":"https:\/\/mto.org\/de\/wp-json\/wp\/v2\/media\/10610"}],"wp:attachment":[{"href":"https:\/\/mto.org\/de\/wp-json\/wp\/v2\/media?parent=10622"}],"wp:term":[{"taxonomy":"category","embeddable":true,"href":"https:\/\/mto.org\/de\/wp-json\/wp\/v2\/categories?post=10622"},{"taxonomy":"post_tag","embeddable":true,"href":"https:\/\/mto.org\/de\/wp-json\/wp\/v2\/tags?post=10622"},{"taxonomy":"post_series","embeddable":true,"href":"https:\/\/mto.org\/de\/wp-json\/wp\/v2\/post_series?post=10622"}],"curies":[{"name":"wp","href":"https:\/\/api.w.org\/{rel}","templated":true}]}}