{"id":10608,"date":"2023-02-08T12:52:51","date_gmt":"2023-02-08T11:52:51","guid":{"rendered":"https:\/\/germany.mto.org\/?p=4583"},"modified":"2023-05-08T13:33:22","modified_gmt":"2023-05-08T11:33:22","slug":"spendenaktion-anlaesslich-des-geburtstags-des-sufi-meisters-prof-sadegh-angha","status":"publish","type":"post","link":"https:\/\/mto.org\/de\/spendenaktion-anlaesslich-des-geburtstags-des-sufi-meisters-prof-sadegh-angha\/","title":{"rendered":"Spendenaktion anl\u00e4sslich des Geburtstags des Sufi-Meisters Prof. Sadegh Angha"},"content":{"rendered":"<div class=\"x11i5rnm xat24cr x1mh8g0r x1vvkbs xdj266r x126k92a\">\n<div dir=\"auto\">Der 04. Februar ist f\u00fcr die MTO Gemeinde ein ganz besonderer Tag. <span class=\"x3nfvp2 x1j61x8r x1fcty0u xdj266r xhhsvwb xat24cr xgzva0m xxymvpz xlup9mm x1kky2od\"><img loading=\"lazy\" decoding=\"async\" src=\"https:\/\/static.xx.fbcdn.net\/images\/emoji.php\/v9\/t7b\/1.5\/16\/2728.png\" alt=\"&#x2728;\" width=\"16\" height=\"16\" \/>Anl\u00e4sslich des Geburtstags des Sufi-Meisters Prof. Sadegh <\/span>Angha spendeten MTO Sch\u00fcler*innen in D\u00fcsseldorf Lebensmittel an die Tafel.<\/div>\n<\/div>\n<div class=\"x11i5rnm xat24cr x1mh8g0r x1vvkbs xtlvy1s x126k92a\">\n<div dir=\"auto\"><\/div>\n<div dir=\"auto\">F\u00fcr die Kinder gab es zus\u00e4tzlich eine kleine s\u00fc\u00dfe \u00dcberraschung. <span class=\"x3nfvp2 x1j61x8r x1fcty0u xdj266r xhhsvwb xat24cr xgzva0m xxymvpz xlup9mm x1kky2od\"><img loading=\"lazy\" decoding=\"async\" src=\"https:\/\/static.xx.fbcdn.net\/images\/emoji.php\/v9\/t52\/1.5\/16\/1f36d.png\" alt=\"&#x1f36d;\" width=\"16\" height=\"16\" \/><\/span><\/div>\n<\/div>\n<div class=\"x11i5rnm xat24cr x1mh8g0r x1vvkbs xtlvy1s x126k92a\">\n<div dir=\"auto\"><\/div>\n<div dir=\"auto\">Mit dieser Aktion m\u00f6chten wir uns auch f\u00fcr die wichtige Arbeit der Tafel bedanken, die erheblich zum Wohl unserer Gesellschaft beitr\u00e4gt. <span class=\"x3nfvp2 x1j61x8r x1fcty0u xdj266r xhhsvwb xat24cr xgzva0m xxymvpz xlup9mm x1kky2od\"><img loading=\"lazy\" decoding=\"async\" src=\"https:\/\/static.xx.fbcdn.net\/images\/emoji.php\/v9\/t6e\/1.5\/16\/1f49b.png\" alt=\"&#x1f49b;\" width=\"16\" height=\"16\" \/><\/span><\/div>\n<\/div>\n<div class=\"x11i5rnm xat24cr x1mh8g0r x1vvkbs xtlvy1s x126k92a\">\n<div dir=\"auto\"><\/div>\n<div dir=\"auto\"><a class=\"x1i10hfl xjbqb8w x6umtig x1b1mbwd xaqea5y xav7gou x9f619 x1ypdohk xt0psk2 xe8uvvx xdj266r x11i5rnm xat24cr x1mh8g0r xexx8yu x4uap5 x18d9i69 xkhd6sd x16tdsg8 x1hl2dhg xggy1nq x1a2a7pz xt0b8zv x1qq9wsj xo1l8bm\" role=\"link\" href=\"https:\/\/www.facebook.com\/hashtag\/mtoshahmaghsoudi?__eep__=6&amp;__cft__[0]=AZWX0gYajHj2DWc_TZdCT-90Mf7jmUxN1ZfUTL_k8i85jef-D_OaruAUl6IEX1ebslvtAF-Lfm9IqgOkUKqXPL4WGZ1jVAIj10sOsz795JQLeVcGpI6gJ0k6dAT3riaf5oev062I-mAzQ0zrW_dQ5ICg-srRk1U61C-45yd2H5Fob33w5h4BVaSxDofZwdN3akQ&amp;__tn__=*NK-R\">#MTOShahmaghsoudi<\/a> <a class=\"x1i10hfl xjbqb8w x6umtig x1b1mbwd xaqea5y xav7gou x9f619 x1ypdohk xt0psk2 xe8uvvx xdj266r x11i5rnm xat24cr x1mh8g0r xexx8yu x4uap5 x18d9i69 xkhd6sd x16tdsg8 x1hl2dhg xggy1nq x1a2a7pz xt0b8zv x1qq9wsj xo1l8bm\" role=\"link\" href=\"https:\/\/www.facebook.com\/hashtag\/sufismusindeutschland?__eep__=6&amp;__cft__[0]=AZWX0gYajHj2DWc_TZdCT-90Mf7jmUxN1ZfUTL_k8i85jef-D_OaruAUl6IEX1ebslvtAF-Lfm9IqgOkUKqXPL4WGZ1jVAIj10sOsz795JQLeVcGpI6gJ0k6dAT3riaf5oev062I-mAzQ0zrW_dQ5ICg-srRk1U61C-45yd2H5Fob33w5h4BVaSxDofZwdN3akQ&amp;__tn__=*NK-R\">#sufismusindeutschland<\/a> <a class=\"x1i10hfl xjbqb8w x6umtig x1b1mbwd xaqea5y xav7gou x9f619 x1ypdohk xt0psk2 xe8uvvx xdj266r x11i5rnm xat24cr x1mh8g0r xexx8yu x4uap5 x18d9i69 xkhd6sd x16tdsg8 x1hl2dhg xggy1nq x1a2a7pz xt0b8zv x1qq9wsj xo1l8bm\" role=\"link\" href=\"https:\/\/www.facebook.com\/hashtag\/sufismus?__eep__=6&amp;__cft__[0]=AZWX0gYajHj2DWc_TZdCT-90Mf7jmUxN1ZfUTL_k8i85jef-D_OaruAUl6IEX1ebslvtAF-Lfm9IqgOkUKqXPL4WGZ1jVAIj10sOsz795JQLeVcGpI6gJ0k6dAT3riaf5oev062I-mAzQ0zrW_dQ5ICg-srRk1U61C-45yd2H5Fob33w5h4BVaSxDofZwdN3akQ&amp;__tn__=*NK-R\">#sufismus<\/a> <a class=\"x1i10hfl xjbqb8w x6umtig x1b1mbwd xaqea5y xav7gou x9f619 x1ypdohk xt0psk2 xe8uvvx xdj266r x11i5rnm xat24cr x1mh8g0r xexx8yu x4uap5 x18d9i69 xkhd6sd x16tdsg8 x1hl2dhg xggy1nq x1a2a7pz xt0b8zv x1qq9wsj xo1l8bm\" role=\"link\" href=\"https:\/\/www.facebook.com\/hashtag\/charity?__eep__=6&amp;__cft__[0]=AZWX0gYajHj2DWc_TZdCT-90Mf7jmUxN1ZfUTL_k8i85jef-D_OaruAUl6IEX1ebslvtAF-Lfm9IqgOkUKqXPL4WGZ1jVAIj10sOsz795JQLeVcGpI6gJ0k6dAT3riaf5oev062I-mAzQ0zrW_dQ5ICg-srRk1U61C-45yd2H5Fob33w5h4BVaSxDofZwdN3akQ&amp;__tn__=*NK-R\">#charity<\/a> <a class=\"x1i10hfl xjbqb8w x6umtig x1b1mbwd xaqea5y xav7gou x9f619 x1ypdohk xt0psk2 xe8uvvx xdj266r x11i5rnm xat24cr x1mh8g0r xexx8yu x4uap5 x18d9i69 xkhd6sd x16tdsg8 x1hl2dhg xggy1nq x1a2a7pz xt0b8zv x1qq9wsj xo1l8bm\" role=\"link\" href=\"https:\/\/www.facebook.com\/hashtag\/wohlt%C3%A4tigkeit?__eep__=6&amp;__cft__[0]=AZWX0gYajHj2DWc_TZdCT-90Mf7jmUxN1ZfUTL_k8i85jef-D_OaruAUl6IEX1ebslvtAF-Lfm9IqgOkUKqXPL4WGZ1jVAIj10sOsz795JQLeVcGpI6gJ0k6dAT3riaf5oev062I-mAzQ0zrW_dQ5ICg-srRk1U61C-45yd2H5Fob33w5h4BVaSxDofZwdN3akQ&amp;__tn__=*NK-R\">#Wohlt\u00e4tigkeit<\/a> <a class=\"x1i10hfl xjbqb8w x6umtig x1b1mbwd xaqea5y xav7gou x9f619 x1ypdohk xt0psk2 xe8uvvx xdj266r x11i5rnm xat24cr x1mh8g0r xexx8yu x4uap5 x18d9i69 xkhd6sd x16tdsg8 x1hl2dhg xggy1nq x1a2a7pz xt0b8zv x1qq9wsj xo1l8bm\" role=\"link\" href=\"https:\/\/www.facebook.com\/hashtag\/d%C3%BCsseldorf?__eep__=6&amp;__cft__[0]=AZWX0gYajHj2DWc_TZdCT-90Mf7jmUxN1ZfUTL_k8i85jef-D_OaruAUl6IEX1ebslvtAF-Lfm9IqgOkUKqXPL4WGZ1jVAIj10sOsz795JQLeVcGpI6gJ0k6dAT3riaf5oev062I-mAzQ0zrW_dQ5ICg-srRk1U61C-45yd2H5Fob33w5h4BVaSxDofZwdN3akQ&amp;__tn__=*NK-R\">#D\u00fcsseldorf <\/a><a class=\"x1i10hfl xjbqb8w x6umtig x1b1mbwd xaqea5y xav7gou x9f619 x1ypdohk xt0psk2 xe8uvvx xdj266r x11i5rnm xat24cr x1mh8g0r xexx8yu x4uap5 x18d9i69 xkhd6sd x16tdsg8 x1hl2dhg xggy1nq x1a2a7pz xt0b8zv x1qq9wsj xo1l8bm\" role=\"link\" href=\"https:\/\/www.facebook.com\/hashtag\/mtocovid19response?__eep__=6&amp;__cft__[0]=AZWX0gYajHj2DWc_TZdCT-90Mf7jmUxN1ZfUTL_k8i85jef-D_OaruAUl6IEX1ebslvtAF-Lfm9IqgOkUKqXPL4WGZ1jVAIj10sOsz795JQLeVcGpI6gJ0k6dAT3riaf5oev062I-mAzQ0zrW_dQ5ICg-srRk1U61C-45yd2H5Fob33w5h4BVaSxDofZwdN3akQ&amp;__tn__=*NK-R\">#MTOCovid19Response<\/a> <a class=\"x1i10hfl xjbqb8w x6umtig x1b1mbwd xaqea5y xav7gou x9f619 x1ypdohk xt0psk2 xe8uvvx xdj266r x11i5rnm xat24cr x1mh8g0r xexx8yu x4uap5 x18d9i69 xkhd6sd x16tdsg8 x1hl2dhg xggy1nq x1a2a7pz xt0b8zv x1qq9wsj xo1l8bm\" role=\"link\" href=\"https:\/\/www.facebook.com\/hashtag\/mtocommunityresponse?__eep__=6&amp;__cft__[0]=AZWX0gYajHj2DWc_TZdCT-90Mf7jmUxN1ZfUTL_k8i85jef-D_OaruAUl6IEX1ebslvtAF-Lfm9IqgOkUKqXPL4WGZ1jVAIj10sOsz795JQLeVcGpI6gJ0k6dAT3riaf5oev062I-mAzQ0zrW_dQ5ICg-srRk1U61C-45yd2H5Fob33w5h4BVaSxDofZwdN3akQ&amp;__tn__=*NK-R\">#MTOCommunityResponse<\/a><\/div>\n<div dir=\"auto\"><a class=\"x1i10hfl xjbqb8w x6umtig x1b1mbwd xaqea5y xav7gou x9f619 x1ypdohk xt0psk2 xe8uvvx xdj266r x11i5rnm xat24cr x1mh8g0r xexx8yu x4uap5 x18d9i69 xkhd6sd x16tdsg8 x1hl2dhg xggy1nq x1a2a7pz xt0b8zv x1qq9wsj xo1l8bm\" role=\"link\" href=\"https:\/\/www.facebook.com\/hashtag\/ichbinsufi?__eep__=6&amp;__cft__[0]=AZWX0gYajHj2DWc_TZdCT-90Mf7jmUxN1ZfUTL_k8i85jef-D_OaruAUl6IEX1ebslvtAF-Lfm9IqgOkUKqXPL4WGZ1jVAIj10sOsz795JQLeVcGpI6gJ0k6dAT3riaf5oev062I-mAzQ0zrW_dQ5ICg-srRk1U61C-45yd2H5Fob33w5h4BVaSxDofZwdN3akQ&amp;__tn__=*NK-R\">#ichbinsufi<\/a><\/div>\n<div dir=\"auto\"><\/div>\n<div dir=\"auto\">@tafel_duesseldorf<\/div>\n<div dir=\"auto\">@tafeldeutschland<\/div>\n<\/div>\n<div dir=\"auto\"><\/div>\n<div dir=\"auto\"><a href=\"https:\/\/mto.org\/wp-content\/uploads\/2023\/02\/MTO-DUS-04.02.23-2.jpg\"><img loading=\"lazy\" decoding=\"async\" class=\"wp-image-4584 size-full aligncenter\" src=\"https:\/\/mto.org\/wp-content\/uploads\/2023\/02\/MTO-DUS-04.02.23-2.jpg\" alt=\"\" width=\"576\" height=\"324\" \/><\/a><\/div>\n","protected":false},"excerpt":{"rendered":"<p>Der 04. Februar ist f\u00fcr die MTO Gemeinde ein ganz besonderer Tag. Anl\u00e4sslich des Geburtstags des Sufi-Meisters Prof. Sadegh Angha spendeten MTO Sch\u00fcler*innen in D\u00fcsseldorf Lebensmittel an die Tafel. F\u00fcr die Kinder gab es zus\u00e4tzlich eine kleine s\u00fc\u00dfe \u00dcberraschung. Mit&hellip;<\/p>\n","protected":false},"author":2,"featured_media":10598,"comment_status":"closed","ping_status":"open","sticky":false,"template":"","format":"standard","meta":{"_EventAllDay":false,"_EventTimezone":"","_EventStartDate":"","_EventEndDate":"","_EventStartDateUTC":"","_EventEndDateUTC":"","_EventShowMap":false,"_EventShowMapLink":false,"_EventURL":"","_EventCost":"","_EventCostDescription":"","_EventCurrencySymbol":"","_EventCurrencyCode":"","_EventCurrencyPosition":"","_EventDateTimeSeparator":"","_EventTimeRangeSeparator":"","_EventOrganizerID":[],"_EventVenueID":[],"_OrganizerEmail":"","_OrganizerPhone":"","_OrganizerWebsite":"","_VenueAddress":"","_VenueCity":"","_VenueCountry":"","_VenueProvince":"","_VenueState":"","_VenueZip":"","_VenuePhone":"","_VenueURL":"","_VenueStateProvince":"","_VenueLat":"","_VenueLng":"","_VenueShowMap":false,"_VenueShowMapLink":false,"footnotes":""},"categories":[73,42],"tags":[],"post_series":[],"class_list":["post-10608","post","type-post","status-publish","format-standard","has-post-thumbnail","hentry","category-community-support","category-duesseldorf","entry","has-media"],"yoast_head":"<!-- This site is optimized with the Yoast SEO plugin v24.8.1 - https:\/\/yoast.com\/wordpress\/plugins\/seo\/ -->\n<title>Spendenaktion anl\u00e4sslich des Geburtstags des Sufi-Meisters Prof. Sadegh Angha - MTO Shahmaghsoudi<\/title>\n<meta name=\"robots\" content=\"index, follow, max-snippet:-1, max-image-preview:large, max-video-preview:-1\" \/>\n<link rel=\"canonical\" href=\"https:\/\/mto.org\/de\/spendenaktion-anlaesslich-des-geburtstags-des-sufi-meisters-prof-sadegh-angha\/\" \/>\n<meta property=\"og:locale\" content=\"de_DE\" \/>\n<meta property=\"og:type\" content=\"article\" \/>\n<meta property=\"og:title\" content=\"Spendenaktion anl\u00e4sslich des Geburtstags des Sufi-Meisters Prof. Sadegh Angha - MTO Shahmaghsoudi\" \/>\n<meta property=\"og:description\" content=\"Der 04. Februar ist f\u00fcr die MTO Gemeinde ein ganz besonderer Tag. Anl\u00e4sslich des Geburtstags des Sufi-Meisters Prof. Sadegh Angha spendeten MTO Sch\u00fcler*innen in D\u00fcsseldorf Lebensmittel an die Tafel. F\u00fcr die Kinder gab es zus\u00e4tzlich eine kleine s\u00fc\u00dfe \u00dcberraschung. Mit&hellip;\" \/>\n<meta property=\"og:url\" content=\"https:\/\/mto.org\/de\/spendenaktion-anlaesslich-des-geburtstags-des-sufi-meisters-prof-sadegh-angha\/\" \/>\n<meta property=\"og:site_name\" content=\"MTO Shahmaghsoudi\" \/>\n<meta property=\"article:publisher\" content=\"https:\/\/www.facebook.com\/mtoshahmaghsoudi\" \/>\n<meta property=\"article:published_time\" content=\"2023-02-08T11:52:51+00:00\" \/>\n<meta property=\"article:modified_time\" content=\"2023-05-08T11:33:22+00:00\" \/>\n<meta property=\"og:image\" content=\"https:\/\/mto.org\/wp-content\/uploads\/2023\/02\/MTO-DUS-04.02.23.jpg\" \/>\n\t<meta property=\"og:image:width\" content=\"577\" \/>\n\t<meta property=\"og:image:height\" content=\"325\" \/>\n\t<meta property=\"og:image:type\" content=\"image\/jpeg\" \/>\n<meta name=\"author\" content=\"MTO Redaktion\" \/>\n<meta name=\"twitter:card\" content=\"summary_large_image\" \/>\n<meta name=\"twitter:creator\" content=\"@mtoshahmaghsoud\" \/>\n<meta name=\"twitter:site\" content=\"@mtoshahmaghsoud\" \/>\n<meta name=\"twitter:label1\" content=\"Verfasst von\" \/>\n\t<meta name=\"twitter:data1\" content=\"MTO Redaktion\" \/>\n<script type=\"application\/ld+json\" class=\"yoast-schema-graph\">{\"@context\":\"https:\/\/schema.org\",\"@graph\":[{\"@type\":\"Article\",\"@id\":\"https:\/\/mto.org\/de\/spendenaktion-anlaesslich-des-geburtstags-des-sufi-meisters-prof-sadegh-angha\/#article\",\"isPartOf\":{\"@id\":\"https:\/\/mto.org\/de\/spendenaktion-anlaesslich-des-geburtstags-des-sufi-meisters-prof-sadegh-angha\/\"},\"author\":{\"name\":\"MTO Redaktion\",\"@id\":\"https:\/\/mto.org\/#\/schema\/person\/2f49f86784b3747b47bb554ffd56a975\"},\"headline\":\"Spendenaktion anl\u00e4sslich des Geburtstags des Sufi-Meisters Prof. Sadegh Angha\",\"datePublished\":\"2023-02-08T11:52:51+00:00\",\"dateModified\":\"2023-05-08T11:33:22+00:00\",\"mainEntityOfPage\":{\"@id\":\"https:\/\/mto.org\/de\/spendenaktion-anlaesslich-des-geburtstags-des-sufi-meisters-prof-sadegh-angha\/\"},\"wordCount\":95,\"publisher\":{\"@id\":\"https:\/\/mto.org\/#organization\"},\"image\":{\"@id\":\"https:\/\/mto.org\/de\/spendenaktion-anlaesslich-des-geburtstags-des-sufi-meisters-prof-sadegh-angha\/#primaryimage\"},\"thumbnailUrl\":\"https:\/\/mto.org\/wp-content\/uploads\/2023\/02\/MTO-DUS-04.02.23.jpg\",\"articleSection\":[\"Community Support\",\"D\u00fcsseldorf\"],\"inLanguage\":\"de\"},{\"@type\":\"WebPage\",\"@id\":\"https:\/\/mto.org\/de\/spendenaktion-anlaesslich-des-geburtstags-des-sufi-meisters-prof-sadegh-angha\/\",\"url\":\"https:\/\/mto.org\/de\/spendenaktion-anlaesslich-des-geburtstags-des-sufi-meisters-prof-sadegh-angha\/\",\"name\":\"Spendenaktion anl\u00e4sslich des Geburtstags des Sufi-Meisters Prof. Sadegh Angha - MTO Shahmaghsoudi\",\"isPartOf\":{\"@id\":\"https:\/\/mto.org\/#website\"},\"primaryImageOfPage\":{\"@id\":\"https:\/\/mto.org\/de\/spendenaktion-anlaesslich-des-geburtstags-des-sufi-meisters-prof-sadegh-angha\/#primaryimage\"},\"image\":{\"@id\":\"https:\/\/mto.org\/de\/spendenaktion-anlaesslich-des-geburtstags-des-sufi-meisters-prof-sadegh-angha\/#primaryimage\"},\"thumbnailUrl\":\"https:\/\/mto.org\/wp-content\/uploads\/2023\/02\/MTO-DUS-04.02.23.jpg\",\"datePublished\":\"2023-02-08T11:52:51+00:00\",\"dateModified\":\"2023-05-08T11:33:22+00:00\",\"breadcrumb\":{\"@id\":\"https:\/\/mto.org\/de\/spendenaktion-anlaesslich-des-geburtstags-des-sufi-meisters-prof-sadegh-angha\/#breadcrumb\"},\"inLanguage\":\"de\",\"potentialAction\":[{\"@type\":\"ReadAction\",\"target\":[\"https:\/\/mto.org\/de\/spendenaktion-anlaesslich-des-geburtstags-des-sufi-meisters-prof-sadegh-angha\/\"]}]},{\"@type\":\"ImageObject\",\"inLanguage\":\"de\",\"@id\":\"https:\/\/mto.org\/de\/spendenaktion-anlaesslich-des-geburtstags-des-sufi-meisters-prof-sadegh-angha\/#primaryimage\",\"url\":\"https:\/\/mto.org\/wp-content\/uploads\/2023\/02\/MTO-DUS-04.02.23.jpg\",\"contentUrl\":\"https:\/\/mto.org\/wp-content\/uploads\/2023\/02\/MTO-DUS-04.02.23.jpg\",\"width\":577,\"height\":325},{\"@type\":\"BreadcrumbList\",\"@id\":\"https:\/\/mto.org\/de\/spendenaktion-anlaesslich-des-geburtstags-des-sufi-meisters-prof-sadegh-angha\/#breadcrumb\",\"itemListElement\":[{\"@type\":\"ListItem\",\"position\":1,\"name\":\"Home\",\"item\":\"https:\/\/mto.org\/de\/\"},{\"@type\":\"ListItem\",\"position\":2,\"name\":\"Spendenaktion anl\u00e4sslich des Geburtstags des Sufi-Meisters Prof. Sadegh Angha\"}]},{\"@type\":\"WebSite\",\"@id\":\"https:\/\/mto.org\/#website\",\"url\":\"https:\/\/mto.org\/\",\"name\":\"MTO Shahmaghsoudi\",\"description\":\"School of Islamic Sufism\",\"publisher\":{\"@id\":\"https:\/\/mto.org\/#organization\"},\"potentialAction\":[{\"@type\":\"SearchAction\",\"target\":{\"@type\":\"EntryPoint\",\"urlTemplate\":\"https:\/\/mto.org\/?s={search_term_string}\"},\"query-input\":{\"@type\":\"PropertyValueSpecification\",\"valueRequired\":true,\"valueName\":\"search_term_string\"}}],\"inLanguage\":\"de\"},{\"@type\":\"Organization\",\"@id\":\"https:\/\/mto.org\/#organization\",\"name\":\"MTO Shahmaghsoudi\",\"url\":\"https:\/\/mto.org\/\",\"logo\":{\"@type\":\"ImageObject\",\"inLanguage\":\"de\",\"@id\":\"https:\/\/mto.org\/#\/schema\/logo\/image\/\",\"url\":\"https:\/\/mto.org\/wp-content\/uploads\/2023\/03\/MTO_LOGO_Header.png\",\"contentUrl\":\"https:\/\/mto.org\/wp-content\/uploads\/2023\/03\/MTO_LOGO_Header.png\",\"width\":200,\"height\":200,\"caption\":\"MTO Shahmaghsoudi\"},\"image\":{\"@id\":\"https:\/\/mto.org\/#\/schema\/logo\/image\/\"},\"sameAs\":[\"https:\/\/www.facebook.com\/mtoshahmaghsoudi\",\"https:\/\/x.com\/mtoshahmaghsoud\",\"https:\/\/www.instagram.com\/mtoshahmaghsoudi\/\"]},{\"@type\":\"Person\",\"@id\":\"https:\/\/mto.org\/#\/schema\/person\/2f49f86784b3747b47bb554ffd56a975\",\"name\":\"MTO Redaktion\",\"image\":{\"@type\":\"ImageObject\",\"inLanguage\":\"de\",\"@id\":\"https:\/\/mto.org\/#\/schema\/person\/image\/\",\"url\":\"https:\/\/secure.gravatar.com\/avatar\/7e3905dd13630f67e3a9ef24bace6be2b009b8f4cb66d44bb6d9580bf3708868?s=96&d=mm&r=g\",\"contentUrl\":\"https:\/\/secure.gravatar.com\/avatar\/7e3905dd13630f67e3a9ef24bace6be2b009b8f4cb66d44bb6d9580bf3708868?s=96&d=mm&r=g\",\"caption\":\"MTO Redaktion\"},\"url\":\"https:\/\/mto.org\/de\/author\/mto-redaktion\/\"}]}<\/script>\n<!-- \/ Yoast SEO plugin. -->","yoast_head_json":{"title":"Spendenaktion anl\u00e4sslich des Geburtstags des Sufi-Meisters Prof. Sadegh Angha - MTO Shahmaghsoudi","robots":{"index":"index","follow":"follow","max-snippet":"max-snippet:-1","max-image-preview":"max-image-preview:large","max-video-preview":"max-video-preview:-1"},"canonical":"https:\/\/mto.org\/de\/spendenaktion-anlaesslich-des-geburtstags-des-sufi-meisters-prof-sadegh-angha\/","og_locale":"de_DE","og_type":"article","og_title":"Spendenaktion anl\u00e4sslich des Geburtstags des Sufi-Meisters Prof. Sadegh Angha - MTO Shahmaghsoudi","og_description":"Der 04. Februar ist f\u00fcr die MTO Gemeinde ein ganz besonderer Tag. Anl\u00e4sslich des Geburtstags des Sufi-Meisters Prof. Sadegh Angha spendeten MTO Sch\u00fcler*innen in D\u00fcsseldorf Lebensmittel an die Tafel. F\u00fcr die Kinder gab es zus\u00e4tzlich eine kleine s\u00fc\u00dfe \u00dcberraschung. Mit&hellip;","og_url":"https:\/\/mto.org\/de\/spendenaktion-anlaesslich-des-geburtstags-des-sufi-meisters-prof-sadegh-angha\/","og_site_name":"MTO Shahmaghsoudi","article_publisher":"https:\/\/www.facebook.com\/mtoshahmaghsoudi","article_published_time":"2023-02-08T11:52:51+00:00","article_modified_time":"2023-05-08T11:33:22+00:00","og_image":[{"width":577,"height":325,"url":"https:\/\/mto.org\/wp-content\/uploads\/2023\/02\/MTO-DUS-04.02.23.jpg","type":"image\/jpeg"}],"author":"MTO Redaktion","twitter_card":"summary_large_image","twitter_creator":"@mtoshahmaghsoud","twitter_site":"@mtoshahmaghsoud","twitter_misc":{"Verfasst von":"MTO Redaktion"},"schema":{"@context":"https:\/\/schema.org","@graph":[{"@type":"Article","@id":"https:\/\/mto.org\/de\/spendenaktion-anlaesslich-des-geburtstags-des-sufi-meisters-prof-sadegh-angha\/#article","isPartOf":{"@id":"https:\/\/mto.org\/de\/spendenaktion-anlaesslich-des-geburtstags-des-sufi-meisters-prof-sadegh-angha\/"},"author":{"name":"MTO Redaktion","@id":"https:\/\/mto.org\/#\/schema\/person\/2f49f86784b3747b47bb554ffd56a975"},"headline":"Spendenaktion anl\u00e4sslich des Geburtstags des Sufi-Meisters Prof. Sadegh Angha","datePublished":"2023-02-08T11:52:51+00:00","dateModified":"2023-05-08T11:33:22+00:00","mainEntityOfPage":{"@id":"https:\/\/mto.org\/de\/spendenaktion-anlaesslich-des-geburtstags-des-sufi-meisters-prof-sadegh-angha\/"},"wordCount":95,"publisher":{"@id":"https:\/\/mto.org\/#organization"},"image":{"@id":"https:\/\/mto.org\/de\/spendenaktion-anlaesslich-des-geburtstags-des-sufi-meisters-prof-sadegh-angha\/#primaryimage"},"thumbnailUrl":"https:\/\/mto.org\/wp-content\/uploads\/2023\/02\/MTO-DUS-04.02.23.jpg","articleSection":["Community Support","D\u00fcsseldorf"],"inLanguage":"de"},{"@type":"WebPage","@id":"https:\/\/mto.org\/de\/spendenaktion-anlaesslich-des-geburtstags-des-sufi-meisters-prof-sadegh-angha\/","url":"https:\/\/mto.org\/de\/spendenaktion-anlaesslich-des-geburtstags-des-sufi-meisters-prof-sadegh-angha\/","name":"Spendenaktion anl\u00e4sslich des Geburtstags des Sufi-Meisters Prof. Sadegh Angha - MTO Shahmaghsoudi","isPartOf":{"@id":"https:\/\/mto.org\/#website"},"primaryImageOfPage":{"@id":"https:\/\/mto.org\/de\/spendenaktion-anlaesslich-des-geburtstags-des-sufi-meisters-prof-sadegh-angha\/#primaryimage"},"image":{"@id":"https:\/\/mto.org\/de\/spendenaktion-anlaesslich-des-geburtstags-des-sufi-meisters-prof-sadegh-angha\/#primaryimage"},"thumbnailUrl":"https:\/\/mto.org\/wp-content\/uploads\/2023\/02\/MTO-DUS-04.02.23.jpg","datePublished":"2023-02-08T11:52:51+00:00","dateModified":"2023-05-08T11:33:22+00:00","breadcrumb":{"@id":"https:\/\/mto.org\/de\/spendenaktion-anlaesslich-des-geburtstags-des-sufi-meisters-prof-sadegh-angha\/#breadcrumb"},"inLanguage":"de","potentialAction":[{"@type":"ReadAction","target":["https:\/\/mto.org\/de\/spendenaktion-anlaesslich-des-geburtstags-des-sufi-meisters-prof-sadegh-angha\/"]}]},{"@type":"ImageObject","inLanguage":"de","@id":"https:\/\/mto.org\/de\/spendenaktion-anlaesslich-des-geburtstags-des-sufi-meisters-prof-sadegh-angha\/#primaryimage","url":"https:\/\/mto.org\/wp-content\/uploads\/2023\/02\/MTO-DUS-04.02.23.jpg","contentUrl":"https:\/\/mto.org\/wp-content\/uploads\/2023\/02\/MTO-DUS-04.02.23.jpg","width":577,"height":325},{"@type":"BreadcrumbList","@id":"https:\/\/mto.org\/de\/spendenaktion-anlaesslich-des-geburtstags-des-sufi-meisters-prof-sadegh-angha\/#breadcrumb","itemListElement":[{"@type":"ListItem","position":1,"name":"Home","item":"https:\/\/mto.org\/de\/"},{"@type":"ListItem","position":2,"name":"Spendenaktion anl\u00e4sslich des Geburtstags des Sufi-Meisters Prof. Sadegh Angha"}]},{"@type":"WebSite","@id":"https:\/\/mto.org\/#website","url":"https:\/\/mto.org\/","name":"MTO Shahmaghsoudi","description":"School of Islamic Sufism","publisher":{"@id":"https:\/\/mto.org\/#organization"},"potentialAction":[{"@type":"SearchAction","target":{"@type":"EntryPoint","urlTemplate":"https:\/\/mto.org\/?s={search_term_string}"},"query-input":{"@type":"PropertyValueSpecification","valueRequired":true,"valueName":"search_term_string"}}],"inLanguage":"de"},{"@type":"Organization","@id":"https:\/\/mto.org\/#organization","name":"MTO Shahmaghsoudi","url":"https:\/\/mto.org\/","logo":{"@type":"ImageObject","inLanguage":"de","@id":"https:\/\/mto.org\/#\/schema\/logo\/image\/","url":"https:\/\/mto.org\/wp-content\/uploads\/2023\/03\/MTO_LOGO_Header.png","contentUrl":"https:\/\/mto.org\/wp-content\/uploads\/2023\/03\/MTO_LOGO_Header.png","width":200,"height":200,"caption":"MTO Shahmaghsoudi"},"image":{"@id":"https:\/\/mto.org\/#\/schema\/logo\/image\/"},"sameAs":["https:\/\/www.facebook.com\/mtoshahmaghsoudi","https:\/\/x.com\/mtoshahmaghsoud","https:\/\/www.instagram.com\/mtoshahmaghsoudi\/"]},{"@type":"Person","@id":"https:\/\/mto.org\/#\/schema\/person\/2f49f86784b3747b47bb554ffd56a975","name":"MTO Redaktion","image":{"@type":"ImageObject","inLanguage":"de","@id":"https:\/\/mto.org\/#\/schema\/person\/image\/","url":"https:\/\/secure.gravatar.com\/avatar\/7e3905dd13630f67e3a9ef24bace6be2b009b8f4cb66d44bb6d9580bf3708868?s=96&d=mm&r=g","contentUrl":"https:\/\/secure.gravatar.com\/avatar\/7e3905dd13630f67e3a9ef24bace6be2b009b8f4cb66d44bb6d9580bf3708868?s=96&d=mm&r=g","caption":"MTO Redaktion"},"url":"https:\/\/mto.org\/de\/author\/mto-redaktion\/"}]}},"_links":{"self":[{"href":"https:\/\/mto.org\/de\/wp-json\/wp\/v2\/posts\/10608","targetHints":{"allow":["GET"]}}],"collection":[{"href":"https:\/\/mto.org\/de\/wp-json\/wp\/v2\/posts"}],"about":[{"href":"https:\/\/mto.org\/de\/wp-json\/wp\/v2\/types\/post"}],"author":[{"embeddable":true,"href":"https:\/\/mto.org\/de\/wp-json\/wp\/v2\/users\/2"}],"replies":[{"embeddable":true,"href":"https:\/\/mto.org\/de\/wp-json\/wp\/v2\/comments?post=10608"}],"version-history":[{"count":1,"href":"https:\/\/mto.org\/de\/wp-json\/wp\/v2\/posts\/10608\/revisions"}],"predecessor-version":[{"id":18780,"href":"https:\/\/mto.org\/de\/wp-json\/wp\/v2\/posts\/10608\/revisions\/18780"}],"wp:featuredmedia":[{"embeddable":true,"href":"https:\/\/mto.org\/de\/wp-json\/wp\/v2\/media\/10598"}],"wp:attachment":[{"href":"https:\/\/mto.org\/de\/wp-json\/wp\/v2\/media?parent=10608"}],"wp:term":[{"taxonomy":"category","embeddable":true,"href":"https:\/\/mto.org\/de\/wp-json\/wp\/v2\/categories?post=10608"},{"taxonomy":"post_tag","embeddable":true,"href":"https:\/\/mto.org\/de\/wp-json\/wp\/v2\/tags?post=10608"},{"taxonomy":"post_series","embeddable":true,"href":"https:\/\/mto.org\/de\/wp-json\/wp\/v2\/post_series?post=10608"}],"curies":[{"name":"wp","href":"https:\/\/api.w.org\/{rel}","templated":true}]}}